{"id":1915,"date":"2018-12-22T12:10:49","date_gmt":"2018-12-22T11:10:49","guid":{"rendered":"http:\/\/www.cozynotes.cz\/?p=1915"},"modified":"2018-12-22T12:11:01","modified_gmt":"2018-12-22T11:11:01","slug":"konec-to-be-continued","status":"publish","type":"post","link":"https:\/\/www.cozynotes.cz\/index.php\/2018\/12\/22\/konec-to-be-continued\/","title":{"rendered":"Konec&#8230; to be continued"},"content":{"rendered":"<p>Je sedm r\u00e1no.<\/p>\n<div dir=\"auto\">\n<p>Venku je\u0161t\u011b p\u0159\u00edtm\u00ed. Ze 14 postel\u00ed je u\u017e sedm pr\u00e1zdn\u00fdch. Dal\u0161\u00ed peregrinos zmiz\u00ed za chv\u00edli na cestu.<\/p>\n<div dir=\"auto\">Sp\u00ed u\u017e jen dva.<\/div>\n<div dir=\"auto\">Zvuk vody v koupeln\u011b. Vrz\u00e1n\u00ed d\u0159ev\u011bn\u00e9 podlahy ve star\u00e9m dom\u011b. \u0160ust\u011bn\u00ed spac\u00e1k\u016f. N\u011bkomu spadla h\u016fl. Zipy, p\u0159ezky, vrznut\u00ed dve\u0159\u00ed.<\/div>\n<div dir=\"auto\">Jedna poutnice se vrac\u00ed. Zapomn\u011bla l\u00e1hev vody na cestu.<\/div>\n<div dir=\"auto\">V kamnech u\u017e d\u00e1vno vyhaslo. Za velk\u00fdm oknem p\u0159es celou st\u011bnu se proch\u00e1z\u00ed po pastvin\u011b b\u00edl\u00fd k\u016f\u0148.<\/div>\n<div dir=\"auto\">Hospitaleros te\u010f mus\u00ed vyv\u011btrat, poklidit a zasednout za p\u0159ij\u00edmac\u00ed st\u016fl v hale. Odpoledne p\u0159ijdou nov\u00ed poutn\u00edci.<\/div>\n<div dir=\"auto\">My dnes nezvykle pat\u0159\u00edme k t\u011bm sedmi. Obvykle jsme touhle dobou u\u017e na cest\u011b.<\/div>\n<div dir=\"auto\">Na\u0161e leto\u0161n\u00ed etapa kon\u010d\u00ed tady v Sarrii.<\/div>\n<div dir=\"auto\">Stoj\u00edme na autobus\u00e1ku a \u010dek\u00e1me na bus do Luga. Odtud m\u00e1me spoj do Leonu a Barcelony.<\/div>\n<div dir=\"auto\">Do kav\u00e1rny se sch\u00e1zej\u00ed cestuj\u00edc\u00ed a poutn\u00edci, kte\u0159\u00ed z n\u011bjak\u00e9ho d\u016fvodu necht\u011bj\u00ed nebo nemohou absolvovat dal\u0161\u00ed kus cesty do Portomar\u00edn.<\/div>\n<div dir=\"auto\">Pr\u0161\u00ed.<\/div>\n<div dir=\"auto\"><\/div>\n<div dir=\"auto\">Ka\u017ed\u00e9 camino dojde do sv\u00e9 Compostely nebo a\u017e do Finisterry k mo\u0159i.<\/div>\n<div dir=\"auto\">P\u0159\u00edzna\u010dn\u011b jsem v\u010dera raz\u00edtkem v na\u0161em albergu zaplnil sv\u016fj credecial, ale hned jsem si koupil nov\u00fd. Compostela a snad i Finisterra \u010dekaj\u00ed p\u0159\u00ed\u0161t\u00ed rok.<\/div>\n<div dir=\"auto\">V nov\u00e9m credencialu je v\u00edc map. Nejen Camino Franc\u00e9s, ale taky Del Norte nebo Portug\u00e9s&#8230;<\/div>\n<div dir=\"auto\">D\u00edky lidem na cest\u011b, d\u00edky poutn\u00edk\u016fm, d\u00edky Radkovi za organizaci cel\u00e9 pouti, d\u00edky \u0160\u00e1rce za backoffice. D\u00edky Bohu!<\/div>\n<\/div>\n<p><!--more--><\/p>\n<div dir=\"auto\"><\/div>\n<div dir=\"auto\">\n<p><strong>Lugo. Zast\u00e1vka na camino primitivo.\u00a0<\/strong><\/p>\n<div dir=\"auto\">Krom v\u0161eho toho unesca (komplet \u0159\u00edmsk\u00e9 hradby a katedr\u00e1la) m\u011b tu zaujalo hlavn\u00ed n\u00e1m\u011bst\u00ed.<\/div>\n<div dir=\"auto\">Jak \u010dasto je sly\u0161et, \u017ee n\u00e1m\u011bst\u00ed m\u00e1 b\u00fdt hlavn\u011b \u010dist\u00e1 dl\u00e1\u017eden\u00e1 plocha, kde jsou ty pr\u016fhledy z jedn\u00e9 strany na druhou. P\u0159itom v mnoha m\u011bstech je lep\u0161\u00ed rad\u0161i leccos nevid\u011bt. A kdy\u017e u\u017e maj\u00ed tu dl\u00e1\u017ed\u011bnou plochu, tak zas moc nev\u00ed k \u010demu a neda\u0159\u00ed se jim vymyslet obsah, tedy \u017eivot onoho n\u00e1m\u011bst\u00ed.<\/div>\n<div dir=\"auto\">V Lugu je na n\u00e1m\u011bst\u00ed historick\u00e1 radnice, cel\u00e1 jedna strana. Domy jsou tu v\u00fdstavn\u00e9, zachoval\u00e9, jak se slu\u0161\u00ed na v\u00fdznamn\u00e9 m\u011bsto zalo\u017een\u00e9 \u0158\u00edmany.<\/div>\n<div dir=\"auto\">A p\u0159esto se jim sem krom dl\u00e1\u017ed\u011bn\u00e9 plochy ve\u0161ly kr\u00e1sn\u00e9 stromy, z\u00e1hony, alt\u00e1n pro promen\u00e1dn\u00ed koncerty, lavi\u010dky, zahr\u00e1dky restaurac\u00ed&#8230;<\/div>\n<div dir=\"auto\">Jo pardon, neve\u0161lo se jim sem parkovi\u0161t\u011b.<\/div>\n<\/div>\n<div dir=\"auto\"><\/div>\n<div dir=\"auto\">\n<p>Jak si tak s n\u011bkter\u00fdmi z v\u00e1s p\u00ed\u0161u a sed\u00edm v buse, kter\u00fdm za dne\u0161ek projedeme to, co jsme t\u00fdden \u0161li, prob\u00edr\u00e1m se jako r\u016f\u017eencem kor\u00e1lky z cesty.<\/p>\n<div dir=\"auto\">Tady jeden z nich.<\/div>\n<div dir=\"auto\"><\/div>\n<div dir=\"auto\"><strong>O poutn\u00edc\u00edch v Li\u00f1ares.\u00a0<\/strong><\/div>\n<div dir=\"auto\">Potkali jsme mlad\u00fd p\u00e1r, tu\u0161\u00edm Ameri\u010dani nebo Kana\u010fani, se dv\u011bma d\u011btma. Jedno \u00fapln\u00e9 mrn\u011b,\u00a0 druh\u00e9 trochu v\u011bt\u0161\u00ed. M\u011bli takov\u00fd ten ter\u00e9nn\u00ed ko\u010d\u00e1rek, obdoba toho, se kter\u00fdm se jezd\u00ed v zim\u011b na b\u011b\u017eky. Bylo to v albergu v Li\u00f1ares. To je ten na hor\u00e1ch. Tam, kde fu\u010del v\u00edtr a sn\u011b\u017eilo.<\/div>\n<div dir=\"auto\">S n\u00e1ma na pokoji pak spali dva francouz\u0161t\u00ed sta\u0159\u00ed\u010dci. Tipl bych kolem 70 let. Bab\u010da ve\u010der v kuchy\u0148ce kr\u00e1sn\u011b recitovala. Potkala se tam s dal\u0161\u00edmi poutnicemi z Francie. Nerozum\u011bl jsem sice ani slovo, ale bylo to skv\u011bl\u00fd. Na potlesk. D\u011bda moc nemluvil. V noci prd\u011bl. Ale to j\u00e1 taky. Nicm\u00e9n\u011b, kdy\u017e jsem ve\u010der p\u0159i\u0161el na pokoj pro otv\u00edr\u00e1k na v\u00edno, sed\u011bli jsme toti\u017e s Radkem ve spole\u010densk\u00e9 m\u00edstnosti s kuchy\u0148kou, d\u011bda byl s bab\u010dou zalezl\u00fd v jedn\u00e9 posteli a pl\u00e1novali dal\u0161\u00ed den.<\/div>\n<div dir=\"auto\">To je camino p\u0159\u00edb\u011bh\u016f.<\/div>\n<\/div>\n","protected":false},"excerpt":{"rendered":"<p>Je sedm r\u00e1no. Venku je\u0161t\u011b p\u0159\u00edtm\u00ed. Ze 14 postel\u00ed je u\u017e sedm pr\u00e1zdn\u00fdch. Dal\u0161\u00ed peregrinos zmiz\u00ed za chv\u00edli na cestu. Sp\u00ed u\u017e jen dva. Zvuk vody v koupeln\u011b. Vrz\u00e1n\u00ed d\u0159ev\u011bn\u00e9 podlahy ve star\u00e9m dom\u011b. \u0160ust\u011bn\u00ed spac\u00e1k\u016f. N\u011bkomu spadla h\u016fl. Zipy, p\u0159ezky, vrznut\u00ed dve\u0159\u00ed. Jedna poutnice se vrac\u00ed. Zapomn\u011bla l\u00e1hev vody na cestu. V kamnech u\u017e &hellip; <\/p>\n<p class=\"link-more\"><a href=\"https:\/\/www.cozynotes.cz\/index.php\/2018\/12\/22\/konec-to-be-continued\/\" class=\"more-link\">Pokra\u010dovat ve \u010dten\u00ed<span class=\"screen-reader-text\"> &#8222;Konec&#8230; to be continued&#8220;<\/span><\/a><\/p>\n","protected":false},"author":2,"featured_media":0,"comment_status":"open","ping_status":"open","sticky":false,"template":"","format":"standard","meta":{"footnotes":""},"categories":[78],"tags":[],"_links":{"self":[{"href":"https:\/\/www.cozynotes.cz\/index.php\/wp-json\/wp\/v2\/posts\/1915"}],"collection":[{"href":"https:\/\/www.cozynotes.cz\/index.php\/wp-json\/wp\/v2\/posts"}],"about":[{"href":"https:\/\/www.cozynotes.cz\/index.php\/wp-json\/wp\/v2\/types\/post"}],"author":[{"embeddable":true,"href":"https:\/\/www.cozynotes.cz\/index.php\/wp-json\/wp\/v2\/users\/2"}],"replies":[{"embeddable":true,"href":"https:\/\/www.cozynotes.cz\/index.php\/wp-json\/wp\/v2\/comments?post=1915"}],"version-history":[{"count":2,"href":"https:\/\/www.cozynotes.cz\/index.php\/wp-json\/wp\/v2\/posts\/1915\/revisions"}],"predecessor-version":[{"id":1917,"href":"https:\/\/www.cozynotes.cz\/index.php\/wp-json\/wp\/v2\/posts\/1915\/revisions\/1917"}],"wp:attachment":[{"href":"https:\/\/www.cozynotes.cz\/index.php\/wp-json\/wp\/v2\/media?parent=1915"}],"wp:term":[{"taxonomy":"category","embeddable":true,"href":"https:\/\/www.cozynotes.cz\/index.php\/wp-json\/wp\/v2\/categories?post=1915"},{"taxonomy":"post_tag","embeddable":true,"href":"https:\/\/www.cozynotes.cz\/index.php\/wp-json\/wp\/v2\/tags?post=1915"}],"curies":[{"name":"wp","href":"https:\/\/api.w.org\/{rel}","templated":true}]}}