{"id":1960,"date":"2018-12-23T11:06:57","date_gmt":"2018-12-23T10:06:57","guid":{"rendered":"http:\/\/www.cozynotes.cz\/?p=1960"},"modified":"2018-12-23T11:42:09","modified_gmt":"2018-12-23T10:42:09","slug":"o-vanocich","status":"publish","type":"post","link":"https:\/\/www.cozynotes.cz\/index.php\/2018\/12\/23\/o-vanocich\/","title":{"rendered":"O V\u00e1noc\u00edch"},"content":{"rendered":"<p><em><span style=\"font-weight: 400;\">\u201cKde koruna? an jsi kr\u00e1l?, kde berla kr\u00e1lovsk\u00e1 \/ pro\u010d jsi ji sob\u011b od\u0148al \/ \u00f3 moudrost anjelsk\u00e1.\u201d<\/span><\/em><\/p>\n<p><em><span style=\"font-weight: 400;\">\u201cJeho bylo nebe dv\u016fr, anjel\u00e9 \u010del\u00e1dka, chl\u00e9v jest nyn\u00ed jeho k\u016fr, dvo\u0159an\u00e9 hov\u00e1dka.\u201d<\/span><\/em><\/p>\n<p style=\"text-align: right;\"><span style=\"font-weight: 400;\">Fridrich Bridel, O du\u0161e m\u00e1 rozmil\u00e1, 17. st. <\/span><\/p>\n<p>&nbsp;<\/p>\n<p><em><span style=\"font-weight: 400;\">\u201cV ouzk\u00fd jest p\u0159\u00edbytek \u0161el pro slouhu padl\u00e9ho\u2026\u201d<\/span><\/em><\/p>\n<p>&nbsp;<\/p>\n<p><span style=\"font-weight: 400;\">\u00datr\u017eky ze star\u00fdch v\u00e1no\u010dn\u00edch p\u00edsn\u00ed, <\/span><br \/>\n<span style=\"font-weight: 400;\">kde je\u0161t\u011b necinkaj\u00ed rolni\u010dky a nevon\u00ed v\u00e1no\u010dka. <\/span><br \/>\n<span style=\"font-weight: 400;\">Je tam ale ukryt\u00fd poklad v\u00edry. <\/span><br \/>\n<span style=\"font-weight: 400;\">B\u016fh se st\u00e1v\u00e1 \u010dlov\u011bkem, <\/span><br \/>\n<span style=\"font-weight: 400;\">z l\u00e1sky. <\/span><br \/>\n<span style=\"font-weight: 400;\">Daruje se.<\/span><\/p>\n<p>&nbsp;<\/p>\n<p><span style=\"font-weight: 400;\">A n\u00e1m p\u0159ipom\u00edn\u00e1, \u017ee V\u00e1noce mohou b\u00fdt.. <\/span><\/p>\n<p><span style=\"font-weight: 400;\"><strong>O skromnosti<\/strong>.\u00a0<\/span><span style=\"font-weight: 400;\">V\u00e1noce tu nejsou jen pro mne, ale pro druh\u00e9. B\u016fh se daroval \u010dlov\u011bku, aby uk\u00e1zal, \u017ee \u010dlov\u011bk tu nen\u00ed s\u00e1m pro sebe a \u017ee nen\u00ed ztracen.<\/span><\/p>\n<p><span style=\"font-weight: 400;\"><strong>O d\u00e1v\u00e1n\u00ed <\/strong>toho nejcenn\u011bj\u0161\u00edho tedy sebe sama. <\/span><br \/>\n<span style=\"font-weight: 400;\">Jak? V setk\u00e1n\u00ed, v darov\u00e1n\u00ed sv\u00e9ho omezen\u00e9ho \u010dasu vezdej\u0161\u00edho. Chronos, kter\u00fd se ne\u00faprosn\u011b sype v hodin\u00e1ch a minut\u00e1ch a kter\u00fd nelze vr\u00e1tit a o kter\u00e9m nev\u00edme, kolik n\u00e1m ho bylo d\u00e1no, ale s jistotou v\u00edme, \u017ee jednou zrnka p\u00edsku dojdou. Zat\u00edmco po v\u011bt\u0161inu \u017eivota se sna\u017e\u00edme ka\u017ed\u00e9 zrnko zastavit, o V\u00e1noc\u00edch se n\u00e1m p\u0159ipom\u00edn\u00e1, \u017ee zrnko zastavit nem\u016f\u017eeme, ale m\u016f\u017eeme ho v\u011bnovat. D\u00e1t na\u0161emu byt\u00ed smysl. <\/span><\/p>\n<p><span style=\"font-weight: 400;\"><strong>O nedostatku a ne-moci<\/strong>, proto\u017ee l\u00e9ka\u0159e nepot\u0159ebuj\u00ed zdrav\u00ed, ale nemocn\u00ed. B\u016fh nep\u0159ich\u00e1z\u00ed v oblaku sl\u00e1vy a moci, nen\u00ed hrdinn\u00fd vojev\u016fdce,\u00a0je to bezbrann\u00e9 d\u00edt\u011b, kter\u00e9 vztahuje ruce a tou\u017e\u00ed po lidsk\u00e9m doteku. V\u00e1noce jsou zvl\u00e1\u0161t\u011b pro pot\u0159ebn\u00e9 a ne-mocn\u00e9, lidi na okraji a lidi vylou\u010den\u00e9. Za ploty na\u0161ich zp\u016fsobn\u00fdch \u017eivot\u016f \u010dekaj\u00ed spousty t\u011bch, kte\u0159\u00ed jsou na \u0161t\u011bdrove\u010dern\u00ed hostinu tak\u00e9 pozv\u00e1ni a u stolu je v\u017edy dost m\u00edsta. (srov. Matou\u0161 9, 11-12; Luk\u00e1\u0161 14, 21-23).<\/span><\/p>\n<p><span style=\"font-weight: 400;\"><strong>O nep\u0159ipravenosti<\/strong>. \u201cJsme p\u0159ipraveni!\u201d a fotografie strome\u010dku nebo nape\u010den\u00e9ho cukrov\u00ed. Obvykl\u00fd obr\u00e1zek na soci\u00e1ln\u00edch s\u00edt\u00edch v tento \u010das. Co by tomu \u0159ekli past\u00fd\u0159i, Marie? Byli takto p\u0159ipraveni? Podle m\u00e9ho ne. Byli v\u0161ak otev\u0159eni nepl\u00e1novan\u00e9mu, ne\u010dekan\u00e9mu. A na po\u010d\u00e1tku nebyli \u017e\u00e1dn\u00ed hrdinov\u00e9. B\u00e1li se. Ale nakonec \u0159ekli sv\u00e9 fiat &#8211; sta\u0148 se mi dle tv\u00e9ho slova! K\u00e9\u017e jsou tedy na\u0161e V\u00e1noce <strong>o otev\u0159enosti<\/strong> ne\u010dekan\u00e9mu a o ochot\u011b ke spolupr\u00e1ci a dialogu.<\/span><\/p>\n<p><span style=\"font-weight: 400;\"><strong>O putov\u00e1n\u00ed<\/strong>. Otev\u0159enost ne\u010dekan\u00e9mu n\u00e1m otev\u00edr\u00e1 nov\u00e9 cesty a p\u0159\u00edle\u017eitosti. Zachari\u00e1\u0161, past\u00fd\u0159i, Marie, k t\u011bm v\u0161em p\u0159istoupil and\u011bl a \u0159ekl: Nebojte se! M\u011bjme i my na pam\u011bti ta slova. Sv\u011bt je dynamick\u00fd, prom\u011b\u0148uje se a my jsme pozv\u00e1ni k \u00fa\u010dasti na tomto d\u00edle s uji\u0161t\u011bn\u00edm: Nebojte se, vydejte se na cestu.<\/span><\/p>\n<p><span style=\"font-weight: 400;\"><strong>O t\u011blesnosti<\/strong>. Sestupme z v\u00fd\u0161in nadhv\u011bzdn\u00fdch. B\u016fh se vt\u011bluje, st\u00e1v\u00e1 se jedn\u00edm z n\u00e1s. Bere na sebe na\u0161e tr\u00e1pen\u00ed a bolesti a \u010dlov\u011b\u010denstv\u00ed posv\u011bcuje. Dot\u00fdk\u00e1 se na\u0161ich ran, ale sd\u00edl\u00ed s n\u00e1mi i radosti. Marie i Marta maj\u00ed v na\u0161em \u017eivot\u011b sv\u00e9 m\u00edsto. T\u011blesnost tedy nen\u00ed t\u0159eba si o\u0161klivit a stav\u011bt ji n\u011bkam do pozad\u00ed. Sej\u00edt se u stolu nad dobr\u00fdm j\u00eddlem a pit\u00edm, sd\u00edlet se, i to je poselstv\u00ed V\u00e1noc.<\/span><\/p>\n<p><span style=\"font-weight: 400;\"><strong>O spole\u010denstv\u00ed<\/strong>. Mo\u017en\u00e1 v\u00edc o spole\u010denstv\u00ed ne\u017e o rodin\u011b. Rodina toti\u017e svazuje na\u0161e uva\u017eov\u00e1n\u00ed omezuj\u00edc\u00edm sm\u011brem. V\u00e1noce n\u00e1m d\u00e1vaj\u00ed p\u0159\u00edle\u017eitost k \u00favaze, co je to rodina. Jsou to ti nejbli\u017e\u0161\u00ed, biologick\u00e1 \u0161katulka nebo spole\u010denstv\u00ed vztah\u016f v nich\u017e je n\u00e1m dob\u0159e?<\/span><\/p>\n<p><span style=\"font-weight: 400;\"><strong>O vzpom\u00edn\u00e1n\u00ed<\/strong>, proto\u017ee vztahy jdou nap\u0159\u00ed\u010d \u010dasem. V\u00e1noce jsou tak p\u0159\u00edle\u017eitost\u00ed, kdy se na\u0161e okam\u017eit\u00e9 tady a te\u010f otev\u00edr\u00e1, nen\u00ed to chronos tikaj\u00edc\u00edch hodin, ale kairos spr\u00e1vn\u00e9ho okam\u017eiku. Ti, kte\u0159\u00ed s n\u00e1mi byli, ti kte\u0159\u00ed se s n\u00e1mi n\u011bkdy d\u011blili o sv\u00e1 zrnka p\u00edsku, ti maj\u00ed sv\u00e9 m\u00edsto pr\u00e1v\u011b te\u010f a tady u na\u0161eho stolu.<\/span><\/p>\n<p><span style=\"font-weight: 400;\">A \u0159ad\u011b neposledn\u00ed, <\/span><\/p>\n<p><span style=\"font-weight: 400;\">V\u00e1noce jsou <strong>o radosti!<\/strong><\/span><\/p>\n<p>K\u00e9\u017e jsou va\u0161e V\u00e1noce radostn\u00e9 a po\u017eehnan\u00e9!<\/p>\n<p><a href=\"http:\/\/www.cozynotes.cz\/wp-content\/uploads\/2018\/12\/DSC05168.jpg\"><img loading=\"lazy\" decoding=\"async\" class=\"alignnone wp-image-1968 size-large\" src=\"http:\/\/www.cozynotes.cz\/wp-content\/uploads\/2018\/12\/DSC05168-1024x683.jpg\" alt=\"\" width=\"525\" height=\"350\" srcset=\"https:\/\/www.cozynotes.cz\/wp-content\/uploads\/2018\/12\/DSC05168-1024x683.jpg 1024w, https:\/\/www.cozynotes.cz\/wp-content\/uploads\/2018\/12\/DSC05168-300x200.jpg 300w, https:\/\/www.cozynotes.cz\/wp-content\/uploads\/2018\/12\/DSC05168-768x512.jpg 768w\" sizes=\"(max-width: 525px) 100vw, 525px\" \/><\/a><\/p>\n<p>&nbsp;<\/p>\n","protected":false},"excerpt":{"rendered":"<p>\u201cKde koruna? an jsi kr\u00e1l?, kde berla kr\u00e1lovsk\u00e1 \/ pro\u010d jsi ji sob\u011b od\u0148al \/ \u00f3 moudrost anjelsk\u00e1.\u201d \u201cJeho bylo nebe dv\u016fr, anjel\u00e9 \u010del\u00e1dka, chl\u00e9v jest nyn\u00ed jeho k\u016fr, dvo\u0159an\u00e9 hov\u00e1dka.\u201d Fridrich Bridel, O du\u0161e m\u00e1 rozmil\u00e1, 17. st. &nbsp; \u201cV ouzk\u00fd jest p\u0159\u00edbytek \u0161el pro slouhu padl\u00e9ho\u2026\u201d &nbsp; \u00datr\u017eky ze star\u00fdch v\u00e1no\u010dn\u00edch p\u00edsn\u00ed, kde &hellip; <\/p>\n<p class=\"link-more\"><a href=\"https:\/\/www.cozynotes.cz\/index.php\/2018\/12\/23\/o-vanocich\/\" class=\"more-link\">Pokra\u010dovat ve \u010dten\u00ed<span class=\"screen-reader-text\"> &#8222;O V\u00e1noc\u00edch&#8220;<\/span><\/a><\/p>\n","protected":false},"author":2,"featured_media":0,"comment_status":"open","ping_status":"open","sticky":false,"template":"","format":"standard","meta":{"footnotes":""},"categories":[50],"tags":[],"_links":{"self":[{"href":"https:\/\/www.cozynotes.cz\/index.php\/wp-json\/wp\/v2\/posts\/1960"}],"collection":[{"href":"https:\/\/www.cozynotes.cz\/index.php\/wp-json\/wp\/v2\/posts"}],"about":[{"href":"https:\/\/www.cozynotes.cz\/index.php\/wp-json\/wp\/v2\/types\/post"}],"author":[{"embeddable":true,"href":"https:\/\/www.cozynotes.cz\/index.php\/wp-json\/wp\/v2\/users\/2"}],"replies":[{"embeddable":true,"href":"https:\/\/www.cozynotes.cz\/index.php\/wp-json\/wp\/v2\/comments?post=1960"}],"version-history":[{"count":9,"href":"https:\/\/www.cozynotes.cz\/index.php\/wp-json\/wp\/v2\/posts\/1960\/revisions"}],"predecessor-version":[{"id":1970,"href":"https:\/\/www.cozynotes.cz\/index.php\/wp-json\/wp\/v2\/posts\/1960\/revisions\/1970"}],"wp:attachment":[{"href":"https:\/\/www.cozynotes.cz\/index.php\/wp-json\/wp\/v2\/media?parent=1960"}],"wp:term":[{"taxonomy":"category","embeddable":true,"href":"https:\/\/www.cozynotes.cz\/index.php\/wp-json\/wp\/v2\/categories?post=1960"},{"taxonomy":"post_tag","embeddable":true,"href":"https:\/\/www.cozynotes.cz\/index.php\/wp-json\/wp\/v2\/tags?post=1960"}],"curies":[{"name":"wp","href":"https:\/\/api.w.org\/{rel}","templated":true}]}}