{"id":4138,"date":"2024-01-17T10:26:07","date_gmt":"2024-01-17T09:26:07","guid":{"rendered":"https:\/\/www.cozynotes.cz\/?p=4138"},"modified":"2024-01-17T20:14:21","modified_gmt":"2024-01-17T19:14:21","slug":"developer-ma-souhlasne-stanovisko-eia","status":"publish","type":"post","link":"https:\/\/www.cozynotes.cz\/index.php\/2024\/01\/17\/developer-ma-souhlasne-stanovisko-eia\/","title":{"rendered":"Developer m\u00e1 souhlasn\u00e9 stanovisko EIA."},"content":{"rendered":"\n<h2 class=\"wp-block-heading\"><strong>Se s tim smi\u0159!<\/strong><\/h2>\n\n\n\n<p class=\"has-drop-cap\">Od 12.5.2020, kdy krajsk\u00fd \u00fa\u0159ad zve\u0159ejnil ozn\u00e1men\u00ed o z\u00e1m\u011bru vystav\u011bt nad Sob\u011bslav\u00ed megalomansk\u00e9 haly logistick\u00e9ho centra, uplynulo necel\u00e9ho 3,5 roku a na v\u00fdv\u011bsce se m\u016f\u017eeme do\u010d\u00edst, \u017ee developer v procesu EIA usp\u011bl.<\/p>\n\n\n\n<p>Vy\u0161el z n\u011bj v\u00edt\u011bzn\u011b se souhlasn\u00fdm stanoviskem a 36 podm\u00ednkami, kter\u00e9 mu krajsk\u00fd \u00fa\u0159ad ulo\u017eil splnit. Bohu\u017eel ani jedna z nich nen\u00ed tak z\u00e1va\u017en\u00e1, aby ji developer nezvl\u00e1dl, n\u011bkter\u00e9 jsou pak vylo\u017een\u011b sm\u011b\u0161n\u00e9. Nam\u00e1tkou vyberu t\u0159eba plachtov\u00e1n\u00ed voz\u016f v pr\u016fb\u011bhu stavby nebo \u010di\u0161t\u011bn\u00ed techniky, se\u0159\u00edzen\u00ed stroj\u016f a dodr\u017eov\u00e1n\u00ed pracovn\u00edch p\u0159est\u00e1vek. V podstat\u011b povinnosti, kter\u00e9 vypl\u00fdvaj\u00ed z jin\u00fdch pr\u00e1vn\u00edch p\u0159edpis\u016f nebo norem.<\/p>\n\n\n\n<p>Krajsk\u00fd \u00fa\u0159ad p\u0159ipustil, \u017ee prakticky v\u0161echny oblasti \u017eivotn\u00edho prost\u0159ed\u00ed (ovzdu\u0161\u00ed, p\u016fda, biologick\u00e1 rozmanitost, krajina\u2026) budou realizac\u00ed z\u00e1m\u011bru trvale dot\u010deny. Konstatoval v\u0161ak, \u017ee nanejv\u00fd\u0161 st\u0159edn\u011b. A ob\u010dan\u016fm m\u011bsta ulo\u017eil tak\u00e9 jednu podm\u00ednku ve stylu Zmikunda z Opr\u00e1sk\u016f: \u201e<em>Se s tim smi\u0159<\/em>!\u201d&nbsp;<\/p>\n\n\n\n<!--more-->\n\n\n\n<p>V\u0161echny vlivy z\u00e1m\u011bru \u00fa\u0159ad klasifikoval jako akceptovateln\u00e9. Nemus\u00ed se n\u00e1m to pochopiteln\u011b l\u00edbit, ale d\u0159\u00edve ne\u017e v \u00fazemn\u00edm\/stavebn\u00edm \u0159\u00edzen\u00ed se k tomu nebudeme moci vyj\u00e1d\u0159it. Kompenzac\u00ed za \u00fajmu \u017eivotn\u00edmu prost\u0159ed\u00ed bude podle krajsk\u00e9ho \u00fa\u0159adu tvorba t\u0159\u00ed zelen\u00fdch nudl\u00ed (3189 m2) na konci are\u00e1lu, tam, kde je dnes pole. Skv\u011bl\u00e1 kompenzace za z\u00e1m\u011br, kter\u00fd nevratn\u011b zlikviduje 73 tis m2 orn\u00e9 p\u016fdy skladovac\u00edmi halami. P\u0159\u00edrodo a ob\u010dane, j\u00e1sej!<\/p>\n\n\n\n<figure class=\"wp-block-image size-large\"><img loading=\"lazy\" decoding=\"async\" width=\"1024\" height=\"1024\" src=\"https:\/\/www.cozynotes.cz\/wp-content\/uploads\/2024\/01\/DALL\u00b7E-2024-01-17-10.01.35-Revise-the-previous-image-by-incorporating-a-larger-European-style-truck-that-still-fits-within-the-European-context.-The-truck-should-be-one-that-is-.png\" alt=\"\" class=\"wp-image-4139\" srcset=\"https:\/\/www.cozynotes.cz\/wp-content\/uploads\/2024\/01\/DALL\u00b7E-2024-01-17-10.01.35-Revise-the-previous-image-by-incorporating-a-larger-European-style-truck-that-still-fits-within-the-European-context.-The-truck-should-be-one-that-is-.png 1024w, https:\/\/www.cozynotes.cz\/wp-content\/uploads\/2024\/01\/DALL\u00b7E-2024-01-17-10.01.35-Revise-the-previous-image-by-incorporating-a-larger-European-style-truck-that-still-fits-within-the-European-context.-The-truck-should-be-one-that-is--300x300.png 300w, https:\/\/www.cozynotes.cz\/wp-content\/uploads\/2024\/01\/DALL\u00b7E-2024-01-17-10.01.35-Revise-the-previous-image-by-incorporating-a-larger-European-style-truck-that-still-fits-within-the-European-context.-The-truck-should-be-one-that-is--150x150.png 150w, https:\/\/www.cozynotes.cz\/wp-content\/uploads\/2024\/01\/DALL\u00b7E-2024-01-17-10.01.35-Revise-the-previous-image-by-incorporating-a-larger-European-style-truck-that-still-fits-within-the-European-context.-The-truck-should-be-one-that-is--768x768.png 768w, https:\/\/www.cozynotes.cz\/wp-content\/uploads\/2024\/01\/DALL\u00b7E-2024-01-17-10.01.35-Revise-the-previous-image-by-incorporating-a-larger-European-style-truck-that-still-fits-within-the-European-context.-The-truck-should-be-one-that-is--100x100.png 100w\" sizes=\"(max-width: 706px) 89vw, (max-width: 767px) 82vw, 740px\" \/><figcaption>Z\u00e1\u0159n\u00e1 budoucnost logistiky v Sob\u011bslavi vid\u011bn\u00e1 AI.<\/figcaption><\/figure>\n\n\n\n<p>Nikdo nep\u0159ihl\u00ed\u017eel k \u017e\u00e1dn\u00fdm soub\u011bh\u016fm podobn\u00fdch z\u00e1m\u011br\u016f na \u00fazem\u00ed kraje. Krajsk\u00fd \u00fa\u0159ad jakoby spole\u010dn\u011b s developerem lakonicky a hloup\u011b konstatoval, \u017ee kdy\u017e m\u00e1te v obci d\u00e1lnici a \u017eelezni\u010dn\u00ed koridor, tak u\u017e u v\u00e1s nen\u00ed co pokazit. Copak je ale soukrom\u00fd projekt srovnateln\u00fd v\u00fdznamem s d\u00e1lnic\u00ed a \u017eeleznic\u00ed?<\/p>\n\n\n\n<p>P\u0159izn\u00e1v\u00e1m, \u017ee jsem p\u0159\u00edstupem krajsk\u00e9ho \u00fa\u0159adu zklam\u00e1n. Od p\u016fvodn\u00edch \u010dty\u0159 hal jsme se dostali k hal\u00e1m \u0161esti a plocha z\u00e1m\u011bru se zv\u011bt\u0161ila. V pr\u016fb\u011bhu \u0159\u00edzen\u00ed EIA se sice poda\u0159ilo dos\u00e1hnout d\u00edl\u010d\u00edch \u00faprav projektu, ty jsou ale veskrze kosmetick\u00e9 a na obludnou realitu z\u00e1m\u011bru nemaj\u00ed prakticky \u017e\u00e1dn\u00fd z\u00e1sadn\u00ed vliv.<\/p>\n\n\n\n<h2 class=\"wp-block-heading\"><strong>Velk\u00e9 v\u011bci se d\u011bj\u00ed v tichosti<\/strong><\/h2>\n\n\n\n<p>Selhal kraj a chyb\u011blo to, co by jinde developera mohlo zastavit, tedy aktivn\u00ed a na udr\u017eitelnou budoucnost m\u011bsta orientovan\u00e1 politika sob\u011bslavsk\u00fdch zastupitelek a zastupitel\u016f.<\/p>\n\n\n\n<p>Kroky m\u00edstn\u00ed samospr\u00e1vy jsou od po\u010d\u00e1tku velmi problematick\u00e9 a bud\u00ed sam\u00e9 ot\u00e1zky. Odpov\u011bd\u00ed ale zastupitel\u00e9 d\u00e1vaj\u00ed m\u00e1lo a kdy\u017e u\u017e, tak vyh\u00fdbav\u00fdch, obecn\u00fdch, ml\u017e\u00edc\u00edch. Realita se toti\u017e netvo\u0159\u00ed v\u00fdroky v Hl\u00e1sce, ale v konkr\u00e9tn\u00edch hlasov\u00e1n\u00edch zastupitelstva a kroc\u00edch, kter\u00e9 veden\u00ed m\u011bsta podnik\u00e1. Ty prob\u00edhaj\u00ed v\u011bt\u0161inou v tichosti, \u010dasto dokonce v takov\u00e9m utajen\u00ed, \u017ee si informace o nich mus\u00edte vy\u017e\u00e1d\u00e1vat podle z\u00e1kona o pr\u00e1vu na informace.<\/p>\n\n\n\n<p>Nap\u0159\u00edklad u\u017e s\u00e1m prodej pozemk\u016f developerovi. M\u011bsto prod\u00e1valo za odhadn\u00ed cenu 220 K\u010d\/m<sup>2<\/sup>, ani\u017e by zohled\u0148ovalo budouc\u00ed zhodnocen\u00ed pozemk\u016f. Nejenom, \u017ee se tak \u00fapln\u011b v\u011bdom\u011b zbavilo toho nejlep\u0161\u00edho n\u00e1stroje kontroly \u00fazem\u00ed, ale je\u0161t\u011b prod\u00e1valo lacino. St\u00e1t sv\u00e9 pozemky sm\u011b\u0148oval prost\u0159ednictv\u00edm pozemkov\u00e9ho fondu za cenu t\u00e9m\u011b\u0159 dvojn\u00e1sobnou &#8211; 382 K\u010d\/m<sup>2<\/sup>, soukrom\u00ed vlastn\u00edci pak za ceny je\u0161t\u011b vy\u0161\u0161\u00ed.<\/p>\n\n\n\n<p>N\u00e1sledn\u00fdmi kroky v oblasti \u00fazemn\u00edho pl\u00e1nov\u00e1n\u00ed pak zastupitel\u00e9 celou lokalitu tzv. pr\u016fmyslov\u00e9 z\u00f3ny ud\u011blali pro developersk\u00fd z\u00e1m\u011br je\u0161t\u011b dostupn\u011bj\u0161\u00ed. Do \u00fazem\u00ed se dostala logistika jako tzv. p\u0159\u00edpustn\u00e9 vyu\u017eit\u00ed.<\/p>\n\n\n\n<p>Tento krok v\u00fdrazn\u011b nahr\u00e1l developerovi hned ve dvou oblastech. Prvn\u00ed je povolen\u00ed logistiky \u00fazemn\u00edm pl\u00e1nem, druhou, kter\u00e1 s n\u00ed souvis\u00ed, je usnadn\u011bn\u00ed \u0159\u00edzen\u00ed o vyn\u011bt\u00ed p\u016fdy ze zem\u011bd\u011blsk\u00e9ho p\u016fdn\u00edho fondu (ZPF). Bav\u00edme se toti\u017e o pozemc\u00edch prvn\u00ed a druh\u00e9 t\u0159\u00eddy jakosti, tedy o nejkvalitn\u011bj\u0161\u00edch p\u016fd\u00e1ch v \u010cesku. A ty jsou ze z\u00e1kona chr\u00e1n\u011bny.&nbsp;<\/p>\n\n\n\n<p>Pokud na nich ov\u0161em \u00fazemn\u00ed pl\u00e1n nepo\u010d\u00edt\u00e1 s budouc\u00ed v\u00fdstavbou. Pak se z\u00e1konn\u00e1 podm\u00ednka o nep\u0159\u00edpustn\u00e9m vyn\u011bt\u00ed p\u016fdy ze ZPF nepou\u017eije. To sice je\u0161t\u011b nemus\u00ed znamenat automatick\u00fd n\u00e1rok na vyn\u011bt\u00ed p\u016fd ze ZPF a jejich p\u0159em\u011bnu ve stavebn\u00ed parcely pro logistiku, ale jedna z\u00e1sadn\u00ed podm\u00ednka je odstran\u011bna.&nbsp;<\/p>\n\n\n\n<h2 class=\"wp-block-heading\"><strong><em>\u201eNe\u017e kuku\u0159ice, to rad\u0161i logistika!\u201d<\/em><\/strong><\/h2>\n\n\n\n<p>Na\u0161t\u011bst\u00ed tohle \u0159\u00edzen\u00ed o p\u016fd\u011b nebude rozhodovat m\u011bsto Sob\u011bslav, ale Ministerstvo \u017eivotn\u00edho prost\u0159ed\u00ed. To sam\u00e9 ministerstvo, kter\u00e9 p\u0159ipravilo novelu z\u00e1kona o ochran\u011b p\u016fdy. Ta je nyn\u00ed&nbsp; po prvn\u00edm \u010dten\u00ed v Poslaneck\u00e9 sn\u011bmovn\u011b Parlamentu a zav\u00e1d\u00ed do budoucna je\u0161t\u011b p\u0159\u00edsn\u011bj\u0161\u00ed ochranu zem\u011bd\u011blsk\u00e9 p\u016fdy I. a II. jakosti a to p\u0159\u00edmo p\u0159ed v\u00fdstavbou obchodn\u00edch a skladovac\u00edch ploch. Na st\u00e1tn\u00ed \u00farovni je tedy jasn\u00e9, \u017ee logistika na \u00farodn\u00e9 p\u016fd\u011b je n\u011bco, co je \u0161patn\u011b. Sob\u011bslavsk\u00e9 zastupitelstvo to ale a\u017e na p\u00e1r sv\u011btl\u00fdch v\u00fdjimek vid\u00ed \u00fapln\u011b opa\u010dn\u011b. \u201e<em>Ne\u017e kuku\u0159ice, to rad\u0161i logistika!<\/em>\u201d nev\u00e1hal demagogicky sepsout zn\u00e1m\u00e9ho sob\u011bslavsk\u00e9ho podnikatele, kter\u00fd se z\u00f3nou nesouhlas\u00ed, starosta m\u011bsta.&nbsp;<\/p>\n\n\n\n<h2 class=\"wp-block-heading\"><strong>Logistika, zlat\u00fd d\u016fl. Ov\u0161em jak pro koho.<\/strong><\/h2>\n\n\n\n<p>Co z logistiky zastupitel\u00e9 maj\u00ed, t\u011b\u017eko \u0159\u00edct. Pozemky prodali pod cenou, p\u0159\u00ednosy logistick\u00e9ho centra do m\u011bstsk\u00e9 kasy budou jen z dan\u00ed z nemovitosti. S\u00e1m developer odhaduje da\u0148ov\u00e9 p\u0159\u00ednosy pro m\u011bsto takto: \u201c<em>Z uveden\u00e9ho vypl\u00fdv\u00e1, \u017ee celkov\u00e1 ro\u010dn\u00ed p\u0159edpokl\u00e1dan\u00e1 v\u00fd\u0161e dan\u011b z nemovitost\u00ed plynouc\u00ed do rozpo\u010dtu m\u011bsta Sob\u011bslav bude v p\u0159\u00edpad\u011b \u0159e\u0161en\u00e9 investice \u010dinit cca 4 619 984,- K\u010d (z toho da\u0148 z pozemku: 2 237 184,- K\u010d; da\u0148 ze staveb: 2 336 800,- K\u010d, da\u0148 z ostatn\u00ed plochy: 46 000,-K\u010d).<\/em>\u201d<\/p>\n\n\n\n<p>Jak v\u00edme z <a href=\"https:\/\/www.jcted.cz\/79143-zakaz-hazardu-v-sobeslavi-neprosel-prekvapive-ho-nepodporili-reditele-skol\/\">hlasov\u00e1n\u00ed o hazardu na posledn\u00edm zastupitelstvu<\/a>, pen\u00edze p\u0159ece nesmrd\u00ed. Tak\u017ee sem s nimi. Budeme je obratem muset investovat do oprav silnic rozbit\u00fdch n\u00e1kladn\u00ed dopravou, \u0159e\u0161en\u00ed nedosta\u010duj\u00edc\u00ed kapacity \u010cOV a dal\u0161\u00edch \u201eradost\u00ed\u201d kter\u00e9 n\u00e1m logistika p\u0159inese. Je to stejn\u011b pok\u0159iven\u00e9 perpetuum mobile jako hazard.<\/p>\n\n\n\n<p>Lze nam\u00edtnout, a d\u011bje se to \u00fasty starosty a radn\u00edch opakovan\u011b, \u017ee s pr\u016fmyslovou z\u00f3nou budeme m\u00edt \u201erozvoj m\u011bsta\u201d. Z\u0159\u00eddili jsme pro n\u011bj dokonce samostatn\u00fd v\u00fdbor zastupitelstva. Nikdo sice ne\u0159ekl, co se pod slovem \u201erozvoj\u201d ukr\u00fdv\u00e1, a z\u00e1pisy z jedn\u00e1n\u00ed onoho slavn\u00e9ho v\u00fdboru jsou vzorovou lekc\u00ed ptydepe, ale hlavn\u011b, \u017ee jsou. Transparentnost p\u0159edev\u0161\u00edm!<\/p>\n\n\n\n<p>Pro\u010d m\u011bsto horuje za pr\u016fmyslovou z\u00f3nu bez znalosti konkr\u00e9tn\u00edch u\u017eivatel\u016f, kdy\u017e jeho probl\u00e9my a p\u0159\u00edle\u017eitosti jsou \u00fapln\u011b jinde? Sta\u010d\u00ed otev\u0159\u00edt jakkoli nedokonal\u00fd dokument zvan\u00fd Program rozvoje m\u011bsta. Vid\u00edme probl\u00e9my s dostupnost\u00ed bydlen\u00ed (neexistuj\u00edc\u00ed bytov\u00e1 v\u00fdstavba v posledn\u00edch 30 letech), probl\u00e9my se st\u00e1rnut\u00edm l\u00e9ka\u0159\u016f a zaji\u0161t\u011bn\u00edm l\u00e9ka\u0159sk\u00e9 p\u00e9\u010de, vid\u00edme nedocen\u011bn\u00fd potenci\u00e1l v turistick\u00e9m ruchu (a to jsme pros\u00edm v historick\u00e9m m\u011bst\u011b na cyklotrase Lu\u017enice, na prahu T\u0159ebo\u0148sk\u00e9 p\u00e1nve).&nbsp;<\/p>\n\n\n\n<h2 class=\"wp-block-heading\"><strong>Poh\u00e1dka o skv\u011bl\u00e9m investorovi<\/strong><\/h2>\n\n\n\n<p>Pro zastupitele je rozvoj d\u00e1n t\u00edm, \u017ee v \u00fazemn\u00edm pl\u00e1nu namaluj\u00ed velk\u00e9 plochy pro r\u016fst \u201en\u011bjak\u00e9ho\u201d pr\u016fmyslu. Regulovat nem\u016f\u017eeme, proto\u017ee si nechceme zav\u0159\u00edt vr\u00e1tka k tomu sob\u011bslavsk\u00e9mu <em>Silicon valley<\/em>. Poh\u00e1dka o skv\u011bl\u00e9m investorovi, kter\u00fd n\u00e1m nasype pen\u00edze do \u0161kol, ulic a kultury a vybuduje skv\u011bl\u00e1 pestr\u00e1 a skv\u011ble ocen\u011bn\u00e1 pracovn\u00ed m\u00edsta, zazn\u00edv\u00e1 z \u00fast zastupc\u016f m\u011bsta docela \u010dasto. Takov\u00ed investo\u0159i p\u0159ece stoj\u00ed na Sob\u011bslav frontu! Tak\u017ee klidn\u011b povolme logistick\u00e9 centrum, proto\u017ee po t\u011bch je te\u010f p\u0159ece popt\u00e1vka. \u201eSKLADOVAC\u00cd PROSTORY K PRON\u00c1JMU!\u201d&nbsp;&nbsp;<\/p>\n\n\n\n<p>Popt\u00e1vka po logistice? Mo\u017en\u00e1, ale co dostaneme jako protihodnotu? Trval\u00e9 vlivy na \u017eivotn\u00ed prost\u0159ed\u00ed, nevratn\u011b zni\u010den\u00e1 orn\u00e1 p\u016fda, negativn\u00ed vliv na krajinn\u00fd r\u00e1z \u2013 tomu \u0159\u00edk\u00e1m obchod.&nbsp;<\/p>\n\n\n\n<p>Developer v \u017e\u00e1dn\u00e9m p\u0159\u00edpad\u011b neslibuje kdov\u00edjak n\u00e1paditou nab\u00eddku pracovn\u00edch m\u00edst a u\u017e v\u016fbec ne p\u0159idanou hodnotu, o n\u00ed\u017e tak\u00e9 zastupitel\u00e9 r\u00e1di mluv\u00ed. Ostatn\u011b Sob\u011bslav nebojuje s nezam\u011bstnanost\u00ed a doj\u00ed\u017ed\u011bc\u00ed vzd\u00e1lenosti do pr\u00e1ce nikterak nevybo\u010duje z pr\u016fm\u011bru \u010cesk\u00e9 republiky. Jak absurdn\u00ed je poslouchat poh\u00e1dky o nemo\u017enosti regulac\u00ed v z\u00f3n\u011b, kdy\u017e za dve\u0159mi ne\u010dek\u00e1 hodn\u00fd filantrop, ale drav\u00fd jednoduch\u00fd zlatokop, kter\u00fd chce vyt\u011b\u017eit a v\u00fdhodn\u011b prodat. Nov\u011b do toho vstupuje greenwashing, tedy malov\u00e1n\u00ed na zeleno. Potenci\u00e1ln\u00edho polsk\u00e9ho kupce, kter\u00fd jede ve velk\u00e9m logistick\u00fd byznys a m\u011bl b\u00fdt \u00fadajn\u00fdm u\u017eivatelem z\u00f3ny, pr\u00fd koupili norsk\u00e9 fondy. A Norov\u00e9, jak zn\u00e1mo, to je synonymum pro superzelen\u00e1 \u0159e\u0161en\u00ed. Akor\u00e1t, \u017ee jen v Norsku.<\/p>\n\n\n\n<h2 class=\"wp-block-heading\"><strong>Mlad\u00e9 rodiny a v\u016fbec sam\u00e1 pozitiva a \u017eivotn\u00ed jistoty skladem<\/strong><\/h2>\n\n\n\n<p>Starosta d\u00e1l mluv\u00ed o nal\u00e1k\u00e1n\u00ed mlad\u00fdch rodin. Ti mlad\u00ed se nejsp\u00ed\u0161 budou p\u0159ekl\u00e1dat v tom logistick\u00e9m centru a my douf\u00e1me, \u017ee n\u00e1m n\u011bjak\u00e1 ta rodina tu a tam vypadne z kamionu. Co na tom, \u017ee nebude m\u00edt v Sob\u011bslavi kde bydlet, proto\u017ee jsme nepostavili \u017e\u00e1dn\u00e9 bytov\u00e9 domy a po\u010det parcel pro v\u00fdstavbu lze spo\u010d\u00edtat skoro na prstech jedn\u00e9 ruky. N\u011bkte\u0159\u00ed dal\u0161\u00ed zastupitel\u00e9 se mohli v listopadov\u00e9 Hl\u00e1sce p\u0159etrhnout, aby vymysleli d\u016fvody, jak m\u016f\u017ee projekt p\u0159\u00ednosn\u00fd a jak cht\u011bj\u00ed z\u00e1m\u011br rozhodn\u011b regulovat. Moc jim to ne\u0161lo, kon\u010dili jako obvykle u pr\u00e1zdn\u00fdch fr\u00e1z\u00ed o rozvoji a nesm\u00edrn\u00fdch mo\u017enostech, kter\u00e9 developer \u00fadajn\u011b otev\u00edr\u00e1. Jin\u00ed, kter\u00fdm u\u017e to bylo trapn\u00e9, se vr\u00e1tili ke stra\u0161en\u00ed n\u00e1hradami za zma\u0159en\u00fd z\u00e1m\u011br, co\u017e jim p\u0159ipadalo trochu m\u00e9n\u011b trapn\u00e9.&nbsp;<\/p>\n\n\n\n<figure class=\"wp-block-image size-large\"><img loading=\"lazy\" decoding=\"async\" width=\"1024\" height=\"1024\" src=\"https:\/\/www.cozynotes.cz\/wp-content\/uploads\/2024\/01\/DALL\u00b7E-2024-01-17-09.38.30-A-symbolic-representation-of-a-speech-about-attracting-young-families-to-a-small-town.-The-scene-shows-a-small-quaint-town-with-a-few-houses-and-empt.png\" alt=\"\" class=\"wp-image-4140\" srcset=\"https:\/\/www.cozynotes.cz\/wp-content\/uploads\/2024\/01\/DALL\u00b7E-2024-01-17-09.38.30-A-symbolic-representation-of-a-speech-about-attracting-young-families-to-a-small-town.-The-scene-shows-a-small-quaint-town-with-a-few-houses-and-empt.png 1024w, https:\/\/www.cozynotes.cz\/wp-content\/uploads\/2024\/01\/DALL\u00b7E-2024-01-17-09.38.30-A-symbolic-representation-of-a-speech-about-attracting-young-families-to-a-small-town.-The-scene-shows-a-small-quaint-town-with-a-few-houses-and-empt-300x300.png 300w, https:\/\/www.cozynotes.cz\/wp-content\/uploads\/2024\/01\/DALL\u00b7E-2024-01-17-09.38.30-A-symbolic-representation-of-a-speech-about-attracting-young-families-to-a-small-town.-The-scene-shows-a-small-quaint-town-with-a-few-houses-and-empt-150x150.png 150w, https:\/\/www.cozynotes.cz\/wp-content\/uploads\/2024\/01\/DALL\u00b7E-2024-01-17-09.38.30-A-symbolic-representation-of-a-speech-about-attracting-young-families-to-a-small-town.-The-scene-shows-a-small-quaint-town-with-a-few-houses-and-empt-768x768.png 768w, https:\/\/www.cozynotes.cz\/wp-content\/uploads\/2024\/01\/DALL\u00b7E-2024-01-17-09.38.30-A-symbolic-representation-of-a-speech-about-attracting-young-families-to-a-small-town.-The-scene-shows-a-small-quaint-town-with-a-few-houses-and-empt-100x100.png 100w\" sizes=\"(max-width: 706px) 89vw, (max-width: 767px) 82vw, 740px\" \/><figcaption>Budoucnost skladem. <\/figcaption><\/figure>\n\n\n\n<h2 class=\"wp-block-heading\"><strong>Trumfy doch\u00e1zej\u00ed<\/strong><\/h2>\n\n\n\n<p>Smutnou pravdou je, \u017ee \u010d\u00edm bl\u00ed\u017ee nechaj\u00ed zastupitel\u00e9 developera doj\u00edt k \u00fazemn\u00edmu\/stavebn\u00edmu rozhodnut\u00ed, t\u00edm pravd\u011bpodobn\u011bj\u0161\u00ed riziko n\u00e1hrad je a z\u00e1rove\u0148 s t\u00edm kles\u00e1 pravd\u011bpodobnost, \u017ee z\u00e1m\u011br p\u016fjde v\u00fdznamn\u011b regulovat. P\u0159itom ka\u017ed\u00fd, kdo se sezn\u00e1mil se z\u00e1m\u011brem developera a vid\u011bl, t\u0159eba na ve\u0159ejn\u00e9m projedn\u00e1n\u00ed EIA, jak se developer chov\u00e1, v\u00ed, \u017ee developerovi na Sob\u011bslavi&nbsp; v\u016fbec nez\u00e1le\u017e\u00ed.&nbsp;<\/p>\n\n\n\n<h2 class=\"wp-block-heading\"><strong>Promarn\u011bn\u00fd \u010das<\/strong><\/h2>\n\n\n\n<p>Developerovi trvalo 3,5 roku z\u00edsk\u00e1n\u00ed jednoho, by\u0165 podstatn\u00e9ho stanoviska pro \u00fazemn\u00ed a stavebn\u00ed \u0159\u00edzen\u00ed. Za t\u0159i a p\u016fl roku se d\u00e1 stihnout leccos. Nejsp\u00ed\u0161 i dot\u00e1hnout rozpracovan\u00e1 zm\u011bna \u00fazemn\u00edho pl\u00e1nu.&nbsp;<\/p>\n\n\n\n<p>Developer rozhodn\u011b nepo\u010d\u00edtal s takovou dobou. Na po\u010d\u00e1tku se zd\u00e1lo, \u017ee bude v\u0161e rychle hotov\u00e9. Intenzivn\u00ed p\u0159ipom\u00ednkov\u00e1n\u00ed ob\u010dan\u016f a spolk\u016f, petice i referendum, to v\u0161echno developerovi situaci dost zkomplikovalo a pomohlo z\u00edskat t\u0159i a p\u016fl roku na podniknut\u00ed v\u0161ech nezbytn\u00fdch a mo\u017en\u00fdch krok\u016f (jak po\u017eadovala \u00fapln\u011b na po\u010d\u00e1tku i petice ob\u010dan\u016f), aby v Sob\u011bslavi logistika nevznikla.&nbsp;<\/p>\n\n\n\n<p>P\u0159edstavitel\u00e9 m\u011bsta se v\u0161ak rozhodli pro n\u00e1mluvy. Zahalili se p\u0159i tom do z\u00e1voje fr\u00e1z\u00ed o rozvoji m\u011bsta. Skute\u010dn\u00e9 akce, ne prohl\u00e1\u0161en\u00ed v Hl\u00e1sce, je ale usv\u011bd\u010duj\u00ed z opaku. Bly\u0161tiv\u00fd diad\u00e9m pokrytectv\u00ed si veden\u00ed m\u011bsta p\u0159ipnulo sv\u00fdm ml\u010den\u00edm a opu\u0161t\u011bn\u00edm s\u00e1lu, b\u011bhem ve\u0159ejn\u00e9ho projedn\u00e1n\u00ed EIA.<\/p>\n\n\n\n<h2 class=\"wp-block-heading\"><strong>Sob\u011bslavsk\u00e1 filosofie rozvoje<\/strong><\/h2>\n\n\n\n<p>Nyn\u00ed m\u00e1 developer souhlasn\u00e9 stanovisko EIA a m\u016f\u017ee j\u00edt d\u00e1l za sv\u00fdm c\u00edlem. Tak vzh\u016fru do intenzivn\u00ed ka\u017edot\u00fddenn\u00ed pr\u00e1ce. \u201c<em>Nutn\u00e9 je podtrhnout vn\u00edm\u00e1n\u00ed hlavn\u00ed filosofie rozvoje pr\u016fmyslov\u00e9 z\u00f3ny v kontextu s dan\u00fdm \u00fazem\u00edm, stanovit pot\u0159ebn\u00e1 regulativa, kter\u00e1 n\u00e1m legislativa umo\u017en\u00ed a definovat limity dan\u00e9ho \u00fazem\u00ed.<\/em>\u201d*&nbsp; A\u0165 u\u017e to znamen\u00e1 cokoli.<\/p>\n\n\n\n<div style=\"height:30px\" aria-hidden=\"true\" class=\"wp-block-spacer\"><\/div>\n\n\n\n<p>*p\u0159\u00edm\u00e1 citace slov V\u00fdboru pro rozvoj pr\u016fmyslov\u00e9 z\u00f3ny.<\/p>\n","protected":false},"excerpt":{"rendered":"<p>Se s tim smi\u0159! Od 12.5.2020, kdy krajsk\u00fd \u00fa\u0159ad zve\u0159ejnil ozn\u00e1men\u00ed o z\u00e1m\u011bru vystav\u011bt nad Sob\u011bslav\u00ed megalomansk\u00e9 haly logistick\u00e9ho centra, uplynulo necel\u00e9ho 3,5 roku a na v\u00fdv\u011bsce se m\u016f\u017eeme do\u010d\u00edst, \u017ee developer v procesu EIA usp\u011bl. Vy\u0161el z n\u011bj v\u00edt\u011bzn\u011b se souhlasn\u00fdm stanoviskem a 36 podm\u00ednkami, kter\u00e9 mu krajsk\u00fd \u00fa\u0159ad ulo\u017eil splnit. Bohu\u017eel ani jedna &hellip; <\/p>\n<p class=\"link-more\"><a href=\"https:\/\/www.cozynotes.cz\/index.php\/2024\/01\/17\/developer-ma-souhlasne-stanovisko-eia\/\" class=\"more-link\">Pokra\u010dovat ve \u010dten\u00ed<span class=\"screen-reader-text\"> &#8222;Developer m\u00e1 souhlasn\u00e9 stanovisko EIA.&#8220;<\/span><\/a><\/p>\n","protected":false},"author":2,"featured_media":0,"comment_status":"open","ping_status":"open","sticky":false,"template":"","format":"standard","meta":{"footnotes":""},"categories":[63],"tags":[],"_links":{"self":[{"href":"https:\/\/www.cozynotes.cz\/index.php\/wp-json\/wp\/v2\/posts\/4138"}],"collection":[{"href":"https:\/\/www.cozynotes.cz\/index.php\/wp-json\/wp\/v2\/posts"}],"about":[{"href":"https:\/\/www.cozynotes.cz\/index.php\/wp-json\/wp\/v2\/types\/post"}],"author":[{"embeddable":true,"href":"https:\/\/www.cozynotes.cz\/index.php\/wp-json\/wp\/v2\/users\/2"}],"replies":[{"embeddable":true,"href":"https:\/\/www.cozynotes.cz\/index.php\/wp-json\/wp\/v2\/comments?post=4138"}],"version-history":[{"count":2,"href":"https:\/\/www.cozynotes.cz\/index.php\/wp-json\/wp\/v2\/posts\/4138\/revisions"}],"predecessor-version":[{"id":4143,"href":"https:\/\/www.cozynotes.cz\/index.php\/wp-json\/wp\/v2\/posts\/4138\/revisions\/4143"}],"wp:attachment":[{"href":"https:\/\/www.cozynotes.cz\/index.php\/wp-json\/wp\/v2\/media?parent=4138"}],"wp:term":[{"taxonomy":"category","embeddable":true,"href":"https:\/\/www.cozynotes.cz\/index.php\/wp-json\/wp\/v2\/categories?post=4138"},{"taxonomy":"post_tag","embeddable":true,"href":"https:\/\/www.cozynotes.cz\/index.php\/wp-json\/wp\/v2\/tags?post=4138"}],"curies":[{"name":"wp","href":"https:\/\/api.w.org\/{rel}","templated":true}]}}