{"id":4753,"date":"2025-10-10T09:41:37","date_gmt":"2025-10-10T08:41:37","guid":{"rendered":"https:\/\/www.cozynotes.cz\/?p=4753"},"modified":"2025-10-10T09:41:37","modified_gmt":"2025-10-10T08:41:37","slug":"herain-svetovy","status":"publish","type":"post","link":"https:\/\/www.cozynotes.cz\/index.php\/2025\/10\/10\/herain-svetovy\/","title":{"rendered":"Herain sv\u011btov\u00fd."},"content":{"rendered":"\n<p class=\"has-drop-cap\">Herain n\u00e1vykov\u00fd, Herain 2024.&nbsp;<\/p>\n\n\n\n<p>S ro\u010dn\u00edm zpo\u017ed\u011bn\u00edm p\u0159edstavuji dal\u0161\u00ed betl\u00e9m Jaroslava Heraina z \u00dast\u00ed nad Orlic\u00ed. Betl\u00e9m je vydan\u00fd pod n\u00e1zvem Herain 2024, co\u017e je bohu\u017eel podobn\u011b nepoetick\u00e9, jako jeho p\u0159edchoz\u00ed betl\u00e9m 2023, kter\u00fd jsem si p\u0159ek\u0159til na Betl\u00e9m z Lan\u0161perka. Je mi vlastn\u011b trochu l\u00edto, \u017ee se pojmenov\u00e1n\u00ed betl\u00e9ma nev\u011bnovalo v\u00edce p\u00e9\u010de.<\/p>\n\n\n\n<figure class=\"wp-block-image size-full\"><a href=\"https:\/\/www.cozynotes.cz\/wp-content\/uploads\/2025\/10\/Presepio_carta-UNFOEPRAE-2024-Rep.-Ceca.jpg\"><img loading=\"lazy\" decoding=\"async\" width=\"1024\" height=\"750\" src=\"https:\/\/www.cozynotes.cz\/wp-content\/uploads\/2025\/10\/Presepio_carta-UNFOEPRAE-2024-Rep.-Ceca.jpg\" alt=\"\" class=\"wp-image-4759\" srcset=\"https:\/\/www.cozynotes.cz\/wp-content\/uploads\/2025\/10\/Presepio_carta-UNFOEPRAE-2024-Rep.-Ceca.jpg 1024w, https:\/\/www.cozynotes.cz\/wp-content\/uploads\/2025\/10\/Presepio_carta-UNFOEPRAE-2024-Rep.-Ceca-300x220.jpg 300w, https:\/\/www.cozynotes.cz\/wp-content\/uploads\/2025\/10\/Presepio_carta-UNFOEPRAE-2024-Rep.-Ceca-768x563.jpg 768w\" sizes=\"(max-width: 706px) 89vw, (max-width: 767px) 82vw, 740px\" \/><\/a><figcaption class=\"wp-element-caption\">N\u00e1hled Herainova betl\u00e9ma vydan\u00e9ho UN-FOE-PRAE 2024.<\/figcaption><\/figure>\n\n\n\n<h2 class=\"wp-block-heading\">UN-FOE-PRAE<\/h2>\n\n\n\n<p>Sv\u011btov\u00e1 betl\u00e9m\u00e1\u0159sk\u00e1 asociace (Universalis Foederatio Praesepistica) zah\u00e1jila k 800. v\u00fdro\u010d\u00ed prvn\u00edho betl\u00e9ma \u2013 za kter\u00fd se pova\u017euje inscenace betl\u00e9msk\u00e9ho v\u00fdjevu p\u0159ipisovan\u00e9ho sv. Franti\u0161kovi z Assisi \u2013 vyd\u00e1v\u00e1n\u00ed cyklu v\u00fdro\u010dn\u00edch betl\u00e9m\u016f, kter\u00e9 by m\u011bly p\u0159edstavit pap\u00edrovou betl\u00e9m\u00e1\u0159skou tradici ze sv\u011bta.<\/p>\n\n\n\n<p>Prvn\u00edm betl\u00e9mem se v roce 2023 stal betl\u00e9m italsk\u00fdch tv\u016frc\u016f, kter\u00fd nen\u00ed \u00fapln\u011b betl\u00e9mem v na\u0161em pojet\u00ed, ale sp\u00ed\u0161e poctou sv. Franti\u0161kovi a jeho liturgii se zv\u00ed\u0159aty, jesli\u010dkami a d\u00edt\u011btem, kterou slavil u p\u0159\u00edle\u017eitosti Bo\u017e\u00edho narozen\u00ed roku 1223 v italsk\u00e9m Grecciu. V roce 2024 dostaly p\u0159\u00edle\u017eitost \u010desk\u00e9 betl\u00e9my a Sv\u011btov\u00e1 betl\u00e9m\u00e1\u0159sk\u00e1 asociace tak vydala betl\u00e9m Jaroslava Heraina, kter\u00fd je poctou \u00fasteck\u00e9 betl\u00e9m\u00e1\u0159sk\u00e9 \u0161kole a rodn\u00e9mu kraji Podorlicka \/ v\u00fdchodn\u00edch \u010cech. Je tedy prvn\u00edm klasick\u00fdm pap\u00edrov\u00fdm betl\u00e9mem vydan\u00fdm v t\u00e9to celosv\u011btov\u00e9 edici.<\/p>\n\n\n\n<!--more-->\n\n\n\n<h2 class=\"wp-block-heading\">Sv\u011btov\u00fd betl\u00e9m Jaroslava Heraina<\/h2>\n\n\n\n<p>Betl\u00e9m m\u00e1 obvyklou kompozici, na kterou jsme u ou\u0161\u0165\u00e1k\u016f zvykl\u00ed. Svat\u00e1 rodina ve v\u00e1no\u010dn\u00ed podob\u011b, tedy d\u00edt\u011b v jesl\u00edch a and\u011bl zv\u011bstuj\u00edc\u00ed past\u00fd\u0159\u016fm. Mno\u017estv\u00ed ovc\u00ed, darovn\u00edk\u016f a tak\u00e9 strom\u016f a kv\u011btin. Nu a nechyb\u00ed chalupy, kusy krajiny \u2013 lan\u010dofty a d\u00e1lina \u010dili pozad\u00ed nebo obloha.<\/p>\n\n\n\n<p>Moc jsem se na n\u011bj t\u011b\u0161il. Byly na n\u011bj p\u0159edobjedn\u00e1vky, vlastn\u011b nebylo jist\u00e9, \u017ee se betl\u00e9m dostane n\u011bkam do b\u011b\u017en\u00e9ho prodeje. Nap\u011bt\u00ed se stup\u0148ovalo. Betl\u00e9m vy\u0161el na podzim 2024 a s ohledem na rozpracovanou tvorbu mi bylo jasn\u00e9, \u017ee ho do V\u00e1noc 2024 nestihnu vyrobit a prezentovat. Mo\u017en\u00e1 to bylo dob\u0159e, zaslou\u017eil si sv\u016fj \u010das. A nebylo to snadn\u00e9.<\/p>\n\n\n\n<p>Ne\u017e jsme se k n\u011bmu dostal, uplynulo dost \u010dasu a j\u00e1 z\u00edskal dal\u0161\u00ed zku\u0161enosti s tvorbou a taky jsem se p\u0159i stavb\u011b betl\u00e9m\u016f dost posunul. Dnes u\u017e d\u011bl\u00e1m jinak krajinu a v\u00edce zasahuji do kompozice betl\u00e9ma. M\u00e1m r\u00e1d, kdy\u017e se m\u016f\u017eu tro\u0161ku vy\u0159\u00e1dit. Po velk\u00fdch velikono\u010dn\u00edch betl\u00e9mech u\u017e pot\u0159ebuju prostor pro vlastn\u00ed n\u00e1pady v betl\u00e9msk\u00e9 krajin\u011b. U tohoto Herainova betl\u00e9ma to byla paradoxn\u011b trochu p\u0159ek\u00e1\u017eka. Pan Herain toti\u017e p\u0159ipravuje betl\u00e9my velmi pe\u010dliv\u011b, ne\u0161et\u0159\u00ed lan\u010dofty a stromy. Nav\u00edc tento betl\u00e9m je namy\u0161len\u00fd hlavn\u011b pro sk\u0159\u00ed\u0148kov\u00e9 \u0159e\u0161en\u00ed. A j\u00e1 sk\u0159\u00ed\u0148ky vlastn\u011b nerad. Uzn\u00e1v\u00e1m jejich prakti\u010dnost a ne\u0159\u00edk\u00e1m, \u017ee jsou nehezk\u00e9, ale mohu-li si vybrat, nevol\u00edm je. A pak, neum\u00edm je ud\u011blat \u2013 nem\u00e1m d\u00edlnu a nejsem zdatn\u00fd truhl\u00e1\u0159. Jednoho u\u017e v rodin\u011b m\u00e1me a jeho talent a zru\u010dnost nem\u00e1m ani n\u00e1hodou. Z\u016fst\u00e1v\u00e1m tedy i polystyrenu.<\/p>\n\n\n\n<h2 class=\"wp-block-heading\">Kozl\u00ed\u010dkova verze<\/h2>\n\n\n\n<p>Moje autorsk\u00e9 z\u00e1sahy se t\u00fdkaly v podstat\u011b t\u0159\u00ed oblast\u00ed.<\/p>\n\n\n\n<p>D\u00e1lina \u2013 navzdory tomu, \u017ee v betl\u00e9m\u011b je origin\u00e1ln\u00ed autorova d\u00e1lina s pohledem na panorama Orlick\u00fdch hor, namaloval, a hlavn\u011b vystav\u011bl jsem d\u00e1linu vlastn\u00ed. Pou\u017e\u00edv\u00e1m vrstven\u00ed desek polystyrenu, \u010d\u00edm\u017e horstvo dost\u00e1v\u00e1 v\u011bt\u0161\u00ed plasticitu. Styl oblak\u016f odkazuje na origin\u00e1ln\u00ed Herainovu d\u00e1linu, kde je tak\u00e9 obla\u010dnost nad cel\u00fdm horsk\u00fdm h\u0159ebenem. Ve fin\u00e1le moje hory p\u0159ipom\u00ednaj\u00ed sp\u00ed\u0161e h\u0159eben Krkono\u0161. D\u00edlem je to n\u00e1hoda a d\u00edlem to bude asi proto, \u017ee jsem na panorama Krkono\u0161 n\u011bjak\u00fd ten m\u011bs\u00edc koukal t\u00e9m\u011b\u0159 denn\u011b, tak se mi to asi n\u011bkde propsalo do podv\u011bdom\u00ed.<\/p>\n\n\n\n<p>Z\u00e1sahy do lan\u010doft\u016f \u2013 tedy do v\u011bt\u0161\u00edch kus\u016f krajiny. Proto\u017ee si r\u00e1d d\u011bl\u00e1m vlastn\u00ed vodu, o\u0159ezal jsem p\u016fvodn\u00ed la\u010doft s mostem p\u0159es potok tak, \u017ee zbyl pouze most.<\/p>\n\n\n\n<p>P\u0159edsc\u00e9na. Asi nejv\u00fdrazn\u011bj\u0161\u00ed z\u00e1sah, na kter\u00e9m m\u00e1 ideov\u00e9 spoluautorstv\u00ed pan Kalabis z na\u0161\u00ed betl\u00e9m\u00e1\u0159sk\u00e9 skupiny. Kdy\u017e jsem se rozpracovan\u00fdm betl\u00e9mem chlubil, napadlo ho, \u017ee by bylo hezk\u00e9 betl\u00e9m roz\u0161\u00ed\u0159it dop\u0159edu tak, aby ovce tolik nezasahovaly mezi postavy a hlavn\u011b, aby nebylo v p\u0159edn\u00ed \u010d\u00e1sti tak nacp\u00e1no a sc\u00e9na byla p\u0159ehledn\u011bj\u0161\u00ed. To se mi hodilo. S\u00e1m jsem toti\u017e p\u0159em\u00fd\u0161lel, \u017ee by se mi l\u00edbilo p\u0159idat do \u00fapln\u00e9ho pop\u0159ed\u00ed betl\u00e9ma ohr\u00e1dky po vzoru t\u0159eba (nejen) t\u0159eb\u00ed\u010dsk\u00fdch betl\u00e9m\u016f. Do p\u016fvodn\u00edch rozm\u011br\u016f by to ne\u0161lo, tak\u017ee betl\u00e9m dostal cca 20 cm \u0161irokou p\u0159edsc\u00e9nu s ove\u010dkami, kv\u011btinami a ohr\u00e1dkami. Figury jsem si vyp\u016fj\u010dil z jin\u00e9ho Herainova betl\u00e9ma \u2013 ohr\u00e1dky nazv\u011bt\u0161oval \u2013 a tak\u00e9 jsem p\u0159idal p\u00e1r ovc\u00ed a koz. Ovc\u00e9\u00e9\u00e9 toti\u017e mus\u00ed b\u00e9\u00e9\u00e9jt. A kozy? No, to je snad jasn\u00fd, m\u00e9\u00e9\u00e9!<\/p>\n\n\n\n<p>A te\u010f n\u011bco k re\u00e1li\u00edm zachycen\u00fdm v betl\u00e9m\u011b.<\/p>\n\n\n\n<h2 class=\"wp-block-heading\">Astronomick\u00e9 jevy<\/h2>\n\n\n\n<p>Prvn\u00ed je vtipn\u00fd post\u0159eh op\u011bt od pana Kalabise. Sc\u00e9na nad betl\u00e9mskou jeskyn\u00ed zobrazuje muzikanty a past\u00fd\u0159e kdesi na luk\u00e1ch p\u0159ed vesnic\u00ed. Je tu dokonce zlomen\u00fd strom, co\u017e ve star\u00fdch betl\u00e9mech b\u00fdvalo, v nov\u00fdch betl\u00e9mech takov\u00e9to v\u00fdjevy v\u011bt\u0161inou chyb\u00ed. Holt sta\u0159\u00ed betl\u00e9m\u00e1\u0159i m\u011bli krajinu a p\u0159\u00edrodu dob\u0159e nakoukanou, tak\u017ee i zv\u00ed\u0159ata byla \u010dasto zachycena v roztodivn\u00fdch pozic\u00edch. N\u011bkdy mysl\u00edm, \u017ee z\u00e1m\u011brn\u011b inscenovan\u00fdch trochu komicky pro pobaven\u00ed div\u00e1k\u016f. A pan Kalabis tuto bukolickou sc\u00e9nu popsal velmi trefn\u011b jako dopad bolidu. T\u00edm, jak jsem um\u00edstil ohe\u0148, kolem n\u011bho\u017e le\u017e\u00ed past\u00fd\u0159i u sv\u00e9ho st\u00e1da, hned vedle pol\u00e1man\u00e9ho stromu, to skute\u010dn\u011b vypad\u00e1 jako kdy\u017e je to m\u00edsto dopadu meteoritu. A proto\u017ee jsme u betl\u00e9msk\u00e9ho v\u00fdjevu, muselo to b\u00fdt z\u00e1\u0159iv\u00e9 t\u011bleso. Co na tom, \u017ee s tou betl\u00e9mskou hv\u011bzdou je to trochu slo\u017eit\u011bj\u0161\u00ed a nejsp\u00ed\u0161 \u0161lo o konjunkci Jupiteru a Saturnu. V na\u0161em p\u0159\u00edpad\u011b tu tedy m\u00e1me sc\u00e9nu dopadu bolidu. Mudrci z v\u00fdchodu jsou ji\u017e nepochybn\u011b na cest\u011b.<\/p>\n\n\n\n<h2 class=\"wp-block-heading\">Zn\u00e1m\u00e1 m\u00edsta<\/h2>\n\n\n\n<p>Krom\u011b astronomick\u00e9ho \u00fakazu jsou v tomto betl\u00e9m\u011b zcela z\u00e1sadn\u00ed stavby. A jak u\u017e to b\u00fdv\u00e1, u pana Heraina m\u00edvaj\u00ed stavby v betl\u00e9m\u011b sv\u00e9 re\u00e1ln\u00e9 p\u0159edlohy. Poznat piaristick\u00fd chr\u00e1m Nalezen\u00ed svat\u00e9ho K\u0159\u00ed\u017ee v Litomy\u0161li na Z\u00e1meck\u00e9m n\u00e1vr\u0161\u00ed asi nebude d\u011blat probl\u00e9m. <\/p>\n\n\n\n<figure class=\"wp-block-image size-full\"><a href=\"https:\/\/www.cozynotes.cz\/wp-content\/uploads\/2025\/10\/LitomyslKostelPiaristicky_Martin_Vavrik_wiki.jpg\"><img loading=\"lazy\" decoding=\"async\" width=\"640\" height=\"525\" src=\"https:\/\/www.cozynotes.cz\/wp-content\/uploads\/2025\/10\/LitomyslKostelPiaristicky_Martin_Vavrik_wiki.jpg\" alt=\"\" class=\"wp-image-4754\" srcset=\"https:\/\/www.cozynotes.cz\/wp-content\/uploads\/2025\/10\/LitomyslKostelPiaristicky_Martin_Vavrik_wiki.jpg 640w, https:\/\/www.cozynotes.cz\/wp-content\/uploads\/2025\/10\/LitomyslKostelPiaristicky_Martin_Vavrik_wiki-300x246.jpg 300w\" sizes=\"(max-width: 640px) 100vw, 640px\" \/><\/a><figcaption class=\"wp-element-caption\">Piaristick\u00fd chr\u00e1m v Litomy\u0161li. Foto: Martin Vav\u0159\u00edk, zdroj: Wikimedia<\/figcaption><\/figure>\n\n\n\n<p>Co ale ty dal\u0161\u00ed stavby. Po tro\u0161e detektivn\u00edho p\u00e1tr\u00e1n\u00ed naraz\u00edm na zm\u00ednku o Pot\u0161tejn\u011b \u2013 hrad vlevo \u2013 kostele Nejsv\u011bt\u011bj\u0161\u00ed Trojice v Kameni\u010dk\u00e1ch. Kameni\u010dky m\u00e1m spojen\u00e9 nejen s Anton\u00ednem Slav\u00ed\u010dkem, ale hlavn\u011b s na\u0161\u00ed fakultn\u00ed geobotanickou exkurz\u00ed, span\u00edm na zdej\u0161\u00ed \u201easi fa\u0159e\u201c, kde jsme s kamar\u00e1dem Honzou tak intenzivn\u011b p\u0159ikl\u00e1dali do kamen, a\u017e se lo\u017enice zm\u011bnila v saunu. No a pak s blouzn\u011bn\u00edm jist\u00e9 pan\u00ed doktorky, kter\u00e1 tu vzpom\u00ednala na svoje v\u00fdzkumy a neust\u00e1le om\u00edlala u ka\u017ed\u00e9ho porostu, \u017ee to je <em>Polygalo-Nardetum<\/em>, co\u017e teda ne v\u017edy platilo a my z toho m\u011bli tehdy hroznou srandu.<\/p>\n\n\n\n<figure class=\"wp-block-image size-full\"><a href=\"https:\/\/www.cozynotes.cz\/wp-content\/uploads\/2025\/10\/Hrad_Potstejn_nad_Orlici_06_Petr1888_wiki.jpg\"><img loading=\"lazy\" decoding=\"async\" width=\"640\" height=\"960\" src=\"https:\/\/www.cozynotes.cz\/wp-content\/uploads\/2025\/10\/Hrad_Potstejn_nad_Orlici_06_Petr1888_wiki.jpg\" alt=\"\" class=\"wp-image-4755\" srcset=\"https:\/\/www.cozynotes.cz\/wp-content\/uploads\/2025\/10\/Hrad_Potstejn_nad_Orlici_06_Petr1888_wiki.jpg 640w, https:\/\/www.cozynotes.cz\/wp-content\/uploads\/2025\/10\/Hrad_Potstejn_nad_Orlici_06_Petr1888_wiki-200x300.jpg 200w\" sizes=\"(max-width: 640px) 100vw, 640px\" \/><\/a><figcaption class=\"wp-element-caption\">Hrad Pot\u0161tejn. Foto:  Petr1888, zdroj: Wikimedia<\/figcaption><\/figure>\n\n\n\n<figure class=\"wp-block-image size-large\"><a href=\"https:\/\/www.cozynotes.cz\/wp-content\/uploads\/2025\/10\/Kamenicky-kostel2015b_Eva_Skalova_wiki.jpg\"><img loading=\"lazy\" decoding=\"async\" width=\"1024\" height=\"768\" src=\"https:\/\/www.cozynotes.cz\/wp-content\/uploads\/2025\/10\/Kamenicky-kostel2015b_Eva_Skalova_wiki-1024x768.jpg\" alt=\"\" class=\"wp-image-4756\" srcset=\"https:\/\/www.cozynotes.cz\/wp-content\/uploads\/2025\/10\/Kamenicky-kostel2015b_Eva_Skalova_wiki-1024x768.jpg 1024w, https:\/\/www.cozynotes.cz\/wp-content\/uploads\/2025\/10\/Kamenicky-kostel2015b_Eva_Skalova_wiki-300x225.jpg 300w, https:\/\/www.cozynotes.cz\/wp-content\/uploads\/2025\/10\/Kamenicky-kostel2015b_Eva_Skalova_wiki-768x576.jpg 768w, https:\/\/www.cozynotes.cz\/wp-content\/uploads\/2025\/10\/Kamenicky-kostel2015b_Eva_Skalova_wiki.jpg 1280w\" sizes=\"(max-width: 706px) 89vw, (max-width: 767px) 82vw, 740px\" \/><\/a><figcaption class=\"wp-element-caption\">Kostel Nejsv\u011bt\u011bj\u0161\u00ed Trojice v Kameni\u010dk\u00e1ch. Foto: Eva Sk\u00e1lov\u00e1, zdroj: Wikimedia<\/figcaption><\/figure>\n\n\n\n<h2 class=\"wp-block-heading\">\u0158ekni, kde ty stavby jsou&#8230;<\/h2>\n\n\n\n<p>Ale zp\u011bt k betl\u00e9mu.\u00a0 Krom\u011b Kameni\u010dek je tu chalupa z Betl\u00e9ma v Hlinsku (uprost\u0159ed). To bylo taky v\u0161e, co se mi poda\u0159ilo dop\u00e1trat. U Hor\u00e1\u010dk\u016f v prodejn\u011b betl\u00e9m\u016f je\u0161t\u011b zmi\u0148ovali ml\u00fdn v Polance, co\u017e byl t\u00e9m\u011b\u0159 ne\u0159e\u0161iteln\u00fd o\u0159\u00ed\u0161ek. Nepomohla ani datab\u00e1ze ml\u00fdn\u016f. A stejn\u011b zb\u00fdvaly je\u0161t\u011b dv\u011b dal\u0161\u00ed stavby \u2013 jedna chalupa a h\u0159bitovn\u00ed kaple. A te\u010f babo ra\u010f, kdy\u017e ani vizu\u00e1ln\u00ed podobnost na Google Lens nepom\u016f\u017ee. Inu, nejlep\u0161\u00ed je zeptat se autora, kdy\u017e to jde. A tak jsem napsal rovnou panu Herainovi a m\u016f\u017eu v\u00e1m tak, d\u00edky jeho laskavosti, prozradit i ty zb\u00fdvaj\u00edc\u00ed stavby.<\/p>\n\n\n\n<figure class=\"wp-block-image size-full\"><a href=\"https:\/\/www.cozynotes.cz\/wp-content\/uploads\/2025\/10\/Hlinsko_Betlem_03_Jan_Helebrant_wiki.jpg\"><img loading=\"lazy\" decoding=\"async\" width=\"640\" height=\"425\" src=\"https:\/\/www.cozynotes.cz\/wp-content\/uploads\/2025\/10\/Hlinsko_Betlem_03_Jan_Helebrant_wiki.jpg\" alt=\"\" class=\"wp-image-4758\" srcset=\"https:\/\/www.cozynotes.cz\/wp-content\/uploads\/2025\/10\/Hlinsko_Betlem_03_Jan_Helebrant_wiki.jpg 640w, https:\/\/www.cozynotes.cz\/wp-content\/uploads\/2025\/10\/Hlinsko_Betlem_03_Jan_Helebrant_wiki-300x199.jpg 300w\" sizes=\"(max-width: 640px) 100vw, 640px\" \/><\/a><figcaption class=\"wp-element-caption\">Betl\u00e9m &#8211; exposition of folk architecture\nlocation: Hlinsko, Czech Republic\nauthor: Jan Helebrant\nwww.juhele.blogspot.com\nlicense CC BY-SA<\/figcaption><\/figure>\n\n\n\n<p>Ml\u00fdn je skute\u010dn\u011b v Polance. Jen se to v datab\u00e1zi h\u016f\u0159 hled\u00e1, proto\u017ee Polanek a Polaneck\u00fdch ml\u00fdn\u016f je v\u00edc. Nav\u00edc tahle Polanka je vlastn\u011b \u010d\u00e1st obce, tak\u017ee to cel\u00e9 trochu mate. Ml\u00fdn stoj\u00ed na \u0159ece Kn\u011b\u017en\u00e1 mezi Uh\u0159\u00ednovem a Ka\u010derovem na kraji Orlick\u00fdch hor. Dnes u\u017e je bohu\u017eel bez ml\u00fdnsk\u00e9ho kola a p\u0159ed\u011blan\u00fd na rekrea\u010dn\u00ed chalupu, ale v <a href=\"https:\/\/www.vodnimlyny.cz\/ru\/mlyny\/estates\/detail\/494-mlyn-polanka\">datab\u00e1zi vodn\u00edch ml\u00fdn\u016f<\/a> se je\u0161t\u011b m\u016f\u017eete pod\u00edvat, jak vypadalo kolo v roce 1910. Ml\u00fdn byl na horn\u00ed vodu a je k n\u011bmu zaj\u00edmav\u00e1 legenda spojen\u00e1 s vyhn\u00e1n\u00edm p\u016fvodn\u00edho n\u011bmeck\u00e9ho mlyn\u00e1\u0159e a zabr\u00e1n\u00edm ml\u00fdna jak\u00fdmsi Polankou (odtud pr\u00fd n\u00e1zev cel\u00e9 usedlosti) a n\u00e1sledn\u011b n\u00e1rodn\u00ed spr\u00e1vou v roce 1948. Holt Sudety.<\/p>\n\n\n\n<figure class=\"wp-block-image size-large\"><a href=\"https:\/\/www.cozynotes.cz\/wp-content\/uploads\/2025\/10\/Mlyn_Polanka-Hana-Pislova-vodnimlyny.jpg\"><img loading=\"lazy\" decoding=\"async\" width=\"1024\" height=\"649\" src=\"https:\/\/www.cozynotes.cz\/wp-content\/uploads\/2025\/10\/Mlyn_Polanka-Hana-Pislova-vodnimlyny-1024x649.jpg\" alt=\"\" class=\"wp-image-4757\" srcset=\"https:\/\/www.cozynotes.cz\/wp-content\/uploads\/2025\/10\/Mlyn_Polanka-Hana-Pislova-vodnimlyny-1024x649.jpg 1024w, https:\/\/www.cozynotes.cz\/wp-content\/uploads\/2025\/10\/Mlyn_Polanka-Hana-Pislova-vodnimlyny-300x190.jpg 300w, https:\/\/www.cozynotes.cz\/wp-content\/uploads\/2025\/10\/Mlyn_Polanka-Hana-Pislova-vodnimlyny-768x487.jpg 768w, https:\/\/www.cozynotes.cz\/wp-content\/uploads\/2025\/10\/Mlyn_Polanka-Hana-Pislova-vodnimlyny-1536x973.jpg 1536w, https:\/\/www.cozynotes.cz\/wp-content\/uploads\/2025\/10\/Mlyn_Polanka-Hana-Pislova-vodnimlyny.jpg 1600w\" sizes=\"(max-width: 706px) 89vw, (max-width: 767px) 82vw, 740px\" \/><\/a><figcaption class=\"wp-element-caption\">Ml\u00fdn Polanka. Foto: Hana Pi\u0161lov\u00e1, zdroj: vodnimlyny.cz<\/figcaption><\/figure>\n\n\n\n<p>Modr\u00e1 chalupa s pavla\u010d\u00ed stoj\u00ed v malebn\u00e9 Javornici u Rychnova nad Kn\u011b\u017enou. Stavba je bez pavla\u010de, ta je autorovou volnou fantazi\u00ed na rustik\u00e1ln\u00ed motivy. Nu a h\u0159bitovn\u00ed kaple je malovan\u00e1 podle kapl\u00ed na h\u0159bitov\u011b v P\u0159edhrad\u00ed u Skut\u010de (R\u00fdchmburk). K chalup\u011b se mi fotografii nepoda\u0159ilo dohledat, h\u0159bitovn\u00ed kapli najdete snadno na Google Street-view.<\/p>\n\n\n\n<h2 class=\"wp-block-heading\">Betl\u00e9m 2024?<\/h2>\n\n\n\n<p>Tohle propojen\u00ed fantazie, betl\u00e9msk\u00e9ho p\u0159\u00edb\u011bhu a re\u00e1li\u00ed \u017eivota betl\u00e9m\u00e1\u0159\u016f je fascinuj\u00edc\u00ed. Ukazuje to, jak je betl\u00e9m st\u00e1le \u017eiv\u00fd, plastick\u00fd a t\u00edm p\u00e1dem velmi sd\u011bln\u00fd a poutav\u00fd. A v\u016fbec se nediv\u00edm, \u017ee se panu Herainovi stav n\u00e1dhern\u00fd kraj pod Orlick\u00fdmi horami v\u011b\u010dnou inspirac\u00ed.<\/p>\n\n\n\n<p>A \u010d\u00edm tohle pov\u00edd\u00e1n\u00ed ukon\u010dit? Zkuste pop\u0159em\u00fd\u0161let o n\u00e1zvu tohoto Betl\u00e9ma 2024. Co t\u0159eba Podorlick\u00fd? V \u017delezn\u00fdch hor\u00e1ch snad prominou.<br><\/p>\n\n\n\n<figure class=\"wp-block-gallery has-nested-images columns-default is-cropped wp-block-gallery-1 is-layout-flex wp-block-gallery-is-layout-flex\">\n<figure class=\"wp-block-image size-large\"><a href=\"https:\/\/www.cozynotes.cz\/wp-content\/uploads\/2025\/10\/20250826_155323-scaled.jpg\"><img loading=\"lazy\" decoding=\"async\" width=\"1024\" height=\"576\" data-id=\"4761\" src=\"https:\/\/www.cozynotes.cz\/wp-content\/uploads\/2025\/10\/20250826_155323-1024x576.jpg\" alt=\"\" class=\"wp-image-4761\" srcset=\"https:\/\/www.cozynotes.cz\/wp-content\/uploads\/2025\/10\/20250826_155323-1024x576.jpg 1024w, https:\/\/www.cozynotes.cz\/wp-content\/uploads\/2025\/10\/20250826_155323-300x169.jpg 300w, https:\/\/www.cozynotes.cz\/wp-content\/uploads\/2025\/10\/20250826_155323-768x432.jpg 768w, https:\/\/www.cozynotes.cz\/wp-content\/uploads\/2025\/10\/20250826_155323-1536x865.jpg 1536w, https:\/\/www.cozynotes.cz\/wp-content\/uploads\/2025\/10\/20250826_155323-2048x1153.jpg 2048w\" sizes=\"(max-width: 706px) 89vw, (max-width: 767px) 82vw, 740px\" \/><\/a><\/figure>\n\n\n\n<figure class=\"wp-block-image size-large\"><a href=\"https:\/\/www.cozynotes.cz\/wp-content\/uploads\/2025\/10\/20250907_215424-scaled.jpg\"><img loading=\"lazy\" decoding=\"async\" width=\"1024\" height=\"576\" data-id=\"4763\" src=\"https:\/\/www.cozynotes.cz\/wp-content\/uploads\/2025\/10\/20250907_215424-1024x576.jpg\" alt=\"\" class=\"wp-image-4763\" srcset=\"https:\/\/www.cozynotes.cz\/wp-content\/uploads\/2025\/10\/20250907_215424-1024x576.jpg 1024w, https:\/\/www.cozynotes.cz\/wp-content\/uploads\/2025\/10\/20250907_215424-300x169.jpg 300w, https:\/\/www.cozynotes.cz\/wp-content\/uploads\/2025\/10\/20250907_215424-768x432.jpg 768w, https:\/\/www.cozynotes.cz\/wp-content\/uploads\/2025\/10\/20250907_215424-1536x865.jpg 1536w, https:\/\/www.cozynotes.cz\/wp-content\/uploads\/2025\/10\/20250907_215424-2048x1153.jpg 2048w\" sizes=\"(max-width: 706px) 89vw, (max-width: 767px) 82vw, 740px\" \/><\/a><\/figure>\n\n\n\n<figure class=\"wp-block-image size-large\"><a href=\"https:\/\/www.cozynotes.cz\/wp-content\/uploads\/2025\/10\/20250923_231308-scaled.jpg\"><img loading=\"lazy\" decoding=\"async\" width=\"1024\" height=\"577\" data-id=\"4764\" src=\"https:\/\/www.cozynotes.cz\/wp-content\/uploads\/2025\/10\/20250923_231308-1024x577.jpg\" alt=\"\" class=\"wp-image-4764\" srcset=\"https:\/\/www.cozynotes.cz\/wp-content\/uploads\/2025\/10\/20250923_231308-1024x577.jpg 1024w, https:\/\/www.cozynotes.cz\/wp-content\/uploads\/2025\/10\/20250923_231308-300x169.jpg 300w, https:\/\/www.cozynotes.cz\/wp-content\/uploads\/2025\/10\/20250923_231308-768x433.jpg 768w, https:\/\/www.cozynotes.cz\/wp-content\/uploads\/2025\/10\/20250923_231308-1536x865.jpg 1536w, https:\/\/www.cozynotes.cz\/wp-content\/uploads\/2025\/10\/20250923_231308-2048x1153.jpg 2048w\" sizes=\"(max-width: 706px) 89vw, (max-width: 767px) 82vw, 740px\" \/><\/a><\/figure>\n\n\n\n<figure class=\"wp-block-image size-large\"><a href=\"https:\/\/www.cozynotes.cz\/wp-content\/uploads\/2025\/10\/20250929_170311-scaled.jpg\"><img loading=\"lazy\" decoding=\"async\" width=\"1024\" height=\"577\" data-id=\"4765\" src=\"https:\/\/www.cozynotes.cz\/wp-content\/uploads\/2025\/10\/20250929_170311-1024x577.jpg\" alt=\"\" class=\"wp-image-4765\" srcset=\"https:\/\/www.cozynotes.cz\/wp-content\/uploads\/2025\/10\/20250929_170311-1024x577.jpg 1024w, https:\/\/www.cozynotes.cz\/wp-content\/uploads\/2025\/10\/20250929_170311-300x169.jpg 300w, https:\/\/www.cozynotes.cz\/wp-content\/uploads\/2025\/10\/20250929_170311-768x433.jpg 768w, https:\/\/www.cozynotes.cz\/wp-content\/uploads\/2025\/10\/20250929_170311-1536x865.jpg 1536w, https:\/\/www.cozynotes.cz\/wp-content\/uploads\/2025\/10\/20250929_170311-2048x1154.jpg 2048w\" sizes=\"(max-width: 706px) 89vw, (max-width: 767px) 82vw, 740px\" \/><\/a><\/figure>\n\n\n\n<figure class=\"wp-block-image size-large\"><a href=\"https:\/\/www.cozynotes.cz\/wp-content\/uploads\/2025\/10\/20251001_165442-scaled.jpg\"><img loading=\"lazy\" decoding=\"async\" width=\"1024\" height=\"576\" data-id=\"4760\" src=\"https:\/\/www.cozynotes.cz\/wp-content\/uploads\/2025\/10\/20251001_165442-1024x576.jpg\" alt=\"\" class=\"wp-image-4760\" srcset=\"https:\/\/www.cozynotes.cz\/wp-content\/uploads\/2025\/10\/20251001_165442-1024x576.jpg 1024w, https:\/\/www.cozynotes.cz\/wp-content\/uploads\/2025\/10\/20251001_165442-300x169.jpg 300w, https:\/\/www.cozynotes.cz\/wp-content\/uploads\/2025\/10\/20251001_165442-768x432.jpg 768w, https:\/\/www.cozynotes.cz\/wp-content\/uploads\/2025\/10\/20251001_165442-1536x865.jpg 1536w, https:\/\/www.cozynotes.cz\/wp-content\/uploads\/2025\/10\/20251001_165442-2048x1153.jpg 2048w\" sizes=\"(max-width: 706px) 89vw, (max-width: 767px) 82vw, 740px\" \/><\/a><\/figure>\n\n\n\n<figure class=\"wp-block-image size-large\"><a href=\"https:\/\/www.cozynotes.cz\/wp-content\/uploads\/2025\/10\/20251007_110641-scaled.jpg\"><img loading=\"lazy\" decoding=\"async\" width=\"1024\" height=\"577\" data-id=\"4762\" src=\"https:\/\/www.cozynotes.cz\/wp-content\/uploads\/2025\/10\/20251007_110641-1024x577.jpg\" alt=\"\" class=\"wp-image-4762\" srcset=\"https:\/\/www.cozynotes.cz\/wp-content\/uploads\/2025\/10\/20251007_110641-1024x577.jpg 1024w, https:\/\/www.cozynotes.cz\/wp-content\/uploads\/2025\/10\/20251007_110641-300x169.jpg 300w, https:\/\/www.cozynotes.cz\/wp-content\/uploads\/2025\/10\/20251007_110641-768x432.jpg 768w, https:\/\/www.cozynotes.cz\/wp-content\/uploads\/2025\/10\/20251007_110641-1536x865.jpg 1536w, https:\/\/www.cozynotes.cz\/wp-content\/uploads\/2025\/10\/20251007_110641-2048x1153.jpg 2048w\" sizes=\"(max-width: 706px) 89vw, (max-width: 767px) 82vw, 740px\" \/><\/a><\/figure>\n<figcaption class=\"blocks-gallery-caption wp-element-caption\">Jak se rodil Podorlick\u00fd betl\u00e9m.<\/figcaption><\/figure>\n","protected":false},"excerpt":{"rendered":"<p>Herain n\u00e1vykov\u00fd, Herain 2024.&nbsp; S ro\u010dn\u00edm zpo\u017ed\u011bn\u00edm p\u0159edstavuji dal\u0161\u00ed betl\u00e9m Jaroslava Heraina z \u00dast\u00ed nad Orlic\u00ed. Betl\u00e9m je vydan\u00fd pod n\u00e1zvem Herain 2024, co\u017e je bohu\u017eel podobn\u011b nepoetick\u00e9, jako jeho p\u0159edchoz\u00ed betl\u00e9m 2023, kter\u00fd jsem si p\u0159ek\u0159til na Betl\u00e9m z Lan\u0161perka. Je mi vlastn\u011b trochu l\u00edto, \u017ee se pojmenov\u00e1n\u00ed betl\u00e9ma nev\u011bnovalo v\u00edce p\u00e9\u010de. UN-FOE-PRAE Sv\u011btov\u00e1 &hellip; <\/p>\n<p class=\"link-more\"><a href=\"https:\/\/www.cozynotes.cz\/index.php\/2025\/10\/10\/herain-svetovy\/\" class=\"more-link\">Pokra\u010dovat ve \u010dten\u00ed<span class=\"screen-reader-text\"> &#8222;Herain sv\u011btov\u00fd.&#8220;<\/span><\/a><\/p>\n","protected":false},"author":2,"featured_media":0,"comment_status":"open","ping_status":"open","sticky":false,"template":"","format":"standard","meta":{"footnotes":""},"categories":[87],"tags":[],"_links":{"self":[{"href":"https:\/\/www.cozynotes.cz\/index.php\/wp-json\/wp\/v2\/posts\/4753"}],"collection":[{"href":"https:\/\/www.cozynotes.cz\/index.php\/wp-json\/wp\/v2\/posts"}],"about":[{"href":"https:\/\/www.cozynotes.cz\/index.php\/wp-json\/wp\/v2\/types\/post"}],"author":[{"embeddable":true,"href":"https:\/\/www.cozynotes.cz\/index.php\/wp-json\/wp\/v2\/users\/2"}],"replies":[{"embeddable":true,"href":"https:\/\/www.cozynotes.cz\/index.php\/wp-json\/wp\/v2\/comments?post=4753"}],"version-history":[{"count":1,"href":"https:\/\/www.cozynotes.cz\/index.php\/wp-json\/wp\/v2\/posts\/4753\/revisions"}],"predecessor-version":[{"id":4766,"href":"https:\/\/www.cozynotes.cz\/index.php\/wp-json\/wp\/v2\/posts\/4753\/revisions\/4766"}],"wp:attachment":[{"href":"https:\/\/www.cozynotes.cz\/index.php\/wp-json\/wp\/v2\/media?parent=4753"}],"wp:term":[{"taxonomy":"category","embeddable":true,"href":"https:\/\/www.cozynotes.cz\/index.php\/wp-json\/wp\/v2\/categories?post=4753"},{"taxonomy":"post_tag","embeddable":true,"href":"https:\/\/www.cozynotes.cz\/index.php\/wp-json\/wp\/v2\/tags?post=4753"}],"curies":[{"name":"wp","href":"https:\/\/api.w.org\/{rel}","templated":true}]}}