{"id":829,"date":"2017-12-05T10:42:23","date_gmt":"2017-12-05T09:42:23","guid":{"rendered":"http:\/\/www.cozynotes.cz\/?p=829"},"modified":"2017-12-05T10:42:23","modified_gmt":"2017-12-05T09:42:23","slug":"pribeh-cernobilych-fotografii","status":"publish","type":"post","link":"https:\/\/www.cozynotes.cz\/index.php\/2017\/12\/05\/pribeh-cernobilych-fotografii\/","title":{"rendered":"P\u0159\u00edb\u011bh \u010dernob\u00edl\u00fdch fotografi\u00ed"},"content":{"rendered":"<p><span style=\"font-weight: 400;\">U\u017e n\u011bjakou dobu jsem na profilech sv\u00fdch p\u0159\u00e1tel na Facebooku pozoroval \u010dernob\u00edl\u00e9 fotografie. Objevilo se to jako n\u011bjak\u00e1 \u0159et\u011bzov\u00e1 hra. Trvalo to n\u011bjak\u00fd \u010das a pak to p\u0159i\u0161lo ze zcela ne\u010dekan\u00e9 strany.<\/span><\/p>\n<p><em><span style=\"font-weight: 400;\">\u201cSedm dn\u00ed, sedm \u010dernob\u00edl\u00fdch fotografi\u00ed va\u0161eho \u017eivota. \u017d\u00e1dn\u00ed lid\u00e9. \u017d\u00e1dn\u00e9 vysv\u011btlen\u00ed. Ja nedokazu nikoho nabadat, aby se pridal, ale na druho stranu.. jako prvni reagoval na mou &#8222;nominaci&#8220; Zden\u011bk J. D. Kozl\u00ed\u010dek a tak, kdyby ho neco trklo, co by se chtelo cernobile prezentovat\u2026\u201d<\/span><\/em><!--more--><\/p>\n<p><span style=\"font-weight: 400;\">Dalo by se vyhrabat mnoho fotek, jednodu\u0161e je odbarvit a ka\u017ed\u00fd den jednu pl\u00e1cnout na str\u00e1nku. Jen\u017ee ta v\u00fdzva se objevila zrovna v den, kter\u00fd nebyl obzvl\u00e1\u0161\u0165 r\u016f\u017eov\u00fd. <\/span><\/p>\n<p><span style=\"font-weight: 400;\">Zjistil jsem, \u017ee jsem o v\u00edkendu n\u011bco sl\u00edbil a \u017ee to bohu\u017eel nem\u016f\u017eu splnit. Advent je toti\u017e letos tak n\u011bjak krat\u0161\u00ed neb \u010dtvrt\u00e1 ned\u011ble se kryje se \u0160t\u011bdr\u00fdm dnem. T\u011bch p\u00e1r dn\u00ed, kter\u00e9 obvykle d\u011bl\u00ed \u010dtvrtou ned\u011bli od Je\u017e\u00ed\u0161ka, mi letos opravdu chyb\u00ed. <\/span><\/p>\n<p><span style=\"font-weight: 400;\">Je\u0161t\u011b v pond\u011bl\u00ed ve\u010der p\u00ed\u0161u jeden text pln\u00fd nad\u0161en\u00ed, \u00fatern\u00ed rann\u00ed pohled do di\u00e1\u0159e v\u0161echno rozbije. M\u00e1m chu\u0165 chodit kan\u00e1lama. Jasn\u011b, nakonec se nic nej\u00ed tak hork\u00e9, ale pachu\u0165 r\u00e1na z\u016fst\u00e1v\u00e1. A pak si vzpomenu na tu v\u00fdzvu. Sedm dn\u00ed! Nepsal jsi n\u00e1hodou v tom v\u010derej\u0161\u00edm textu n\u011bco o vyrovn\u00e1v\u00e1n\u00ed se s nedokonalost\u00ed, o uspo\u0159\u00e1d\u00e1n\u00ed si \u017eivota? <\/span><\/p>\n<p><span style=\"font-weight: 400;\">Sedm dn\u00ed! Ka\u017ed\u00fd den jeden aktu\u00e1ln\u00ed pestr\u00fd p\u0159\u00edb\u011bh schovan\u00fd v \u010dern\u00e9 a b\u00edl\u00e9. <\/span><\/p>\n<p><span style=\"font-weight: 400;\">Sedm dn\u00ed, kter\u00e9 na Facebooku z\u016fstaly jen s ozna\u010den\u00edm po\u0159adov\u00e9ho \u010d\u00edsla, v\u00e1m tady p\u0159in\u00e1\u0161\u00edm i s kr\u00e1tk\u00fdm textem.<\/span><\/p>\n<p><strong>Den 1 | M\u016fj \u010dajov\u00fd hrnek<\/strong><\/p>\n<p><span style=\"font-weight: 400;\">Kdy\u017e jsem v kancel\u00e1\u0159i, pat\u0159\u00ed k m\u00e9mu denn\u00edmu ritu\u00e1lu konvi\u010dka zelen\u00e9ho \u010daje a m\u016fj obl\u00edben\u00fd hrne\u010dek z trhu v Ro\u017enov\u011b pod Radho\u0161t\u011bm. V\u0161ednost i z\u00e1van dalek\u00fdch kraj\u016f. <\/span><\/p>\n<p><img loading=\"lazy\" decoding=\"async\" class=\"alignnone wp-image-830 size-large\" src=\"http:\/\/www.cozynotes.cz\/wp-content\/uploads\/2017\/12\/DSC04561-1024x715.jpg\" alt=\"\" width=\"525\" height=\"367\" srcset=\"https:\/\/www.cozynotes.cz\/wp-content\/uploads\/2017\/12\/DSC04561-1024x715.jpg 1024w, https:\/\/www.cozynotes.cz\/wp-content\/uploads\/2017\/12\/DSC04561-300x209.jpg 300w, https:\/\/www.cozynotes.cz\/wp-content\/uploads\/2017\/12\/DSC04561-768x536.jpg 768w\" sizes=\"(max-width: 525px) 100vw, 525px\" \/><\/p>\n<p><strong>Den 2 | Brno<\/strong><\/p>\n<p><span style=\"font-weight: 400;\">Pracovn\u00ed cesta. Brno. Adventn\u00ed trhy v pln\u00e9m proudu. Pohoda. Kr\u00e1sa. Spole\u010denstv\u00ed. Ve st\u00e1nku Mendel, ve front\u011b Jan\u00e1\u010dek, T\u011bsnohl\u00eddek, Gollov\u00e1. Z\u00e1\u0159\u00edc\u00ed \u0161alina. Z\u00e1\u0159\u00edc\u00ed o\u010di. Radost. Setk\u00e1n\u00ed. Podle mne nejhez\u010d\u00ed adventn\u00ed trhy v \u010cesku.<\/span><\/p>\n<p><img loading=\"lazy\" decoding=\"async\" class=\"alignnone wp-image-831 size-large\" src=\"http:\/\/www.cozynotes.cz\/wp-content\/uploads\/2017\/12\/DSC04568A-1024x682.jpg\" alt=\"\" width=\"525\" height=\"350\" srcset=\"https:\/\/www.cozynotes.cz\/wp-content\/uploads\/2017\/12\/DSC04568A-1024x682.jpg 1024w, https:\/\/www.cozynotes.cz\/wp-content\/uploads\/2017\/12\/DSC04568A-300x200.jpg 300w, https:\/\/www.cozynotes.cz\/wp-content\/uploads\/2017\/12\/DSC04568A-768x511.jpg 768w\" sizes=\"(max-width: 525px) 100vw, 525px\" \/><\/p>\n<p><strong>Den 3 | Kontroln\u00ed den projektu &#8211; hodnocen\u00ed v\u00edn, Lednice<\/strong><\/p>\n<p><span style=\"font-weight: 400;\">Hodnot\u00edme prvn\u00ed rok spole\u010dn\u00e9ho projektu s MENDELU. Nejd\u0159\u00edv jsem myslel, \u017ee hodnocen\u00ed bude takov\u00e1\u00a0legrace. Nen\u00ed. A to je dob\u0159e. <\/span><\/p>\n<p><span style=\"font-weight: 400;\">Zcela seri\u00f3zn\u00ed hodnocen\u00ed vzork\u016f v\u00edna z r\u016fzn\u00fdch zp\u016fsob\u016f o\u0161et\u0159en\u00ed proti padl\u00ed. Jsem tu jen z titulu zodpov\u011bdnosti za projekt. Mezi p\u0159\u00edtomn\u00fdmi bych jinak nem\u011bl co d\u011blat. Sam\u00ed vina\u0159i. Poznaj\u00ed ka\u017edou drobnost, ka\u017ed\u00fd nepat\u0159i\u010dn\u00fd pach, odchylku v chuti \u010di barv\u011b. Ov\u0161em v tomhle testu boduj\u00ed v\u0161ichni. M\u00fddlo ve sklenici toti\u017e pra\u0161t\u00ed p\u0159es nos ka\u017ed\u00e9ho. A tu cizorodou chu\u0165 mydlin ve sklenici bych v\u00e1m nep\u0159\u00e1l. Na\u0161t\u011bst\u00ed se t\u00fdk\u00e1 jen jednoho vzorku. <\/span><\/p>\n<p><span style=\"font-weight: 400;\">A v\u016fbec&#8230; jsou tu je\u0161t\u011b vzorky mimo sout\u011b\u017e.<\/span><\/p>\n<p><img loading=\"lazy\" decoding=\"async\" class=\"alignnone wp-image-832 size-large\" src=\"http:\/\/www.cozynotes.cz\/wp-content\/uploads\/2017\/12\/DSC04609bw-1024x682.jpg\" alt=\"\" width=\"525\" height=\"350\" srcset=\"https:\/\/www.cozynotes.cz\/wp-content\/uploads\/2017\/12\/DSC04609bw-1024x682.jpg 1024w, https:\/\/www.cozynotes.cz\/wp-content\/uploads\/2017\/12\/DSC04609bw-300x200.jpg 300w, https:\/\/www.cozynotes.cz\/wp-content\/uploads\/2017\/12\/DSC04609bw-768x511.jpg 768w\" sizes=\"(max-width: 525px) 100vw, 525px\" \/><\/p>\n<p><strong>Den 4 | V\u00fdhled k P\u00e1lav\u011b z terasy vina\u0159stv\u00ed Sonberk<\/strong><\/p>\n<p><span style=\"font-weight: 400;\">N\u00e1dhern\u00fd slune\u010dn\u00fd den. Vrac\u00edme se z Lednice a zasn\u011b\u017een\u00e1 P\u00e1lava n\u00e1s zve. Zastavujeme \u010dasto, fot\u00edme, koch\u00e1me se. V n\u011bkter\u00fdch vinic\u00edch se skl\u00edz\u00ed p\u0159emrzl\u00e9 hrozny. B\u00edl\u00fd v\u00e1penec, b\u00edl\u00fd sn\u00edh. \u010cerstv\u00e1 \u010dern\u00e1 orani\u0161t\u011b n\u00e1dhern\u011b zemit\u011b von\u00ed. Mus\u00edme zajet na Sonberk.<\/span><\/p>\n<p><span style=\"font-weight: 400;\">Sonberk miluju. Nejen, \u017ee maj\u00ed kr\u00e1sn\u00e1 v\u00edna, ale budova vina\u0159stv\u00ed z d\u00edlny Josefa Pleskota je skvostn\u00e1. Jednoduch\u00e1 kombinace betonu, kamene, skla a d\u0159eva. \u0158ez vina\u0159stv\u00edm. Terasa s v\u00fdhledem na P\u00e1lavu ve slune\u010dn\u00edm oparu. M\u017eour\u00e1me do slunce. Petrolejovit\u00fd ryzlink ve sklenici se t\u0159pyt\u00ed. \u00a0<\/span><\/p>\n<p><img loading=\"lazy\" decoding=\"async\" class=\"alignnone wp-image-833 size-large\" src=\"http:\/\/www.cozynotes.cz\/wp-content\/uploads\/2017\/12\/DSC04638bw-1024x602.jpg\" alt=\"\" width=\"525\" height=\"309\" srcset=\"https:\/\/www.cozynotes.cz\/wp-content\/uploads\/2017\/12\/DSC04638bw-1024x602.jpg 1024w, https:\/\/www.cozynotes.cz\/wp-content\/uploads\/2017\/12\/DSC04638bw-300x176.jpg 300w, https:\/\/www.cozynotes.cz\/wp-content\/uploads\/2017\/12\/DSC04638bw-768x452.jpg 768w\" sizes=\"(max-width: 525px) 100vw, 525px\" \/><\/p>\n<p><strong>Den 5 | Plech\u00fd &#8211; Pl\u00f6ckenstein<\/strong><\/p>\n<p><span style=\"font-weight: 400;\">Na nejvy\u0161\u0161\u00ed horu \u010desk\u00e9 i rakousk\u00e9 \u010d\u00e1sti \u0160umavy (1378 m n.m.) jsme v<\/span><span style=\"font-weight: 400;\">yrazili\u00a0 ze Sob\u011bslavi a\u017e kolem ob\u011bda, tak\u017ee na vrcholu jsme byli t\u011bsn\u011b p\u0159ed soumrakem. Zat\u00edmco dole je sotva popra\u0161ek, naho\u0159e u\u017e zapad\u00e1me do sn\u011bhov\u00fdch z\u00e1v\u011bj\u00ed. Jde se obt\u00ed\u017en\u011b. Celou cestu potk\u00e1v\u00e1me stopy po \u0161\u00edlen\u00e9m b\u011b\u017eka\u0159i a t\u0159i turisty.\u00a0 Cedulky ozna\u010duj\u00ed z\u00e1kaz vstupu do lesa, kv\u016fli riziku p\u00e1du strom\u016f. Pam\u00e1tka na ned\u00e1vnou vich\u0159ici. Cesta u\u017e je ale \u010dist\u00e1, stromy p\u0159ekra\u010dujeme jen dvakr\u00e1t. <\/span><\/p>\n<p><span style=\"font-weight: 400;\">Sn\u00edh m\u011bn\u00ed krajinu k nepozn\u00e1n\u00ed. Kousek od vrcholu je pam\u00e1tn\u00edk Adalberta Stiftera, ale j\u00e1 si p\u0159i pohledu na ty nov\u00e9 bizarn\u00ed tvary strom\u016f a kamen\u016f vybavuji Adolfa Portmanna. <\/span><\/p>\n<p><span style=\"font-weight: 400;\">S p\u0159ich\u00e1zej\u00edc\u00edm soumrakem se ocit\u00e1me v krajin\u011b negativu. Nebe \u010dern\u00e1 jako samet, vystupuj\u00ed b\u00edl\u00e9 p\u0159\u00edzra\u010dn\u00e9 stromy. Kmeny prota\u017een\u00e9 horizont\u00e1ln\u011b \u0161upinami n\u00e1mrazy. Jedinou barvou jsou p\u00edsmena POZOR ST\u00c1TN\u00cd HRANICE! Vrcholem prob\u00edh\u00e1 hranice mezi \u010ceskem a Rakouskem. Po\u0159\u00e1dn\u00fd kus p\u0159i sestupu se po n\u00ed i \u0161lape. Jednou v z\u00e1v\u011bji tan\u010d\u00edte v \u010cech\u00e1ch, jednou v Rakous\u00edch. Jsem moc r\u00e1d, \u017ee hranice u\u017e je zna\u010den\u00e1 jen cedulemi a b\u00edl\u00fdmi hrani\u010dn\u00edmi kameny. C z jedn\u00e9 strany, O z druh\u00e9. \u017d\u00e1dn\u00fd plot, \u017e\u00e1dn\u00ed st\u0159elci. Zat\u00edm nen\u00ed t\u0159eba odch\u00e1zet. K\u00e9\u017e to tak z\u016fstane.<\/span><\/p>\n<p><img loading=\"lazy\" decoding=\"async\" class=\"alignnone wp-image-834 size-large\" src=\"http:\/\/www.cozynotes.cz\/wp-content\/uploads\/2017\/12\/DSC04804bw-1024x621.jpg\" alt=\"\" width=\"525\" height=\"318\" srcset=\"https:\/\/www.cozynotes.cz\/wp-content\/uploads\/2017\/12\/DSC04804bw-1024x621.jpg 1024w, https:\/\/www.cozynotes.cz\/wp-content\/uploads\/2017\/12\/DSC04804bw-300x182.jpg 300w, https:\/\/www.cozynotes.cz\/wp-content\/uploads\/2017\/12\/DSC04804bw-768x466.jpg 768w\" sizes=\"(max-width: 525px) 100vw, 525px\" \/><\/p>\n<p><strong>Den 6 | Pe\u010den\u00ed pern\u00ed\u010dk\u016f<\/strong><\/p>\n<p><span style=\"font-weight: 400;\">\u201cOd v\u011bk\u016f nikdo \u00a0nesly\u0161el, k sluchu nikomu neproniklo, oko nespat\u0159ilo, \u017ee by B\u016fh, mimo tebe, tak jednal s t\u011bmi, kdo v n\u011bho doufaj\u00ed.\u201d <\/span><\/p>\n<p><span style=\"font-weight: 400;\">B\u016fh, kter\u00fd p\u0159ich\u00e1z\u00ed k \u010dlov\u011bku. B\u016fh, kter\u00fd se st\u00e1v\u00e1 \u010dlov\u011bkem. N\u00e1dhern\u00fd Izai\u00e1\u0161. Vstupujeme do adventu.<\/span><\/p>\n<p><span style=\"font-weight: 400;\">Jirka zdob\u00ed adventn\u00ed v\u011bnce, j\u00e1 zat\u00edm z hroudy t\u011bsta pl\u00e1c\u00e1m tvary. Kozl\u00edky, ryby, hv\u011bzdy, srd\u00ed\u010dka. \u010casem je\u0161t\u011b dostanou kr\u00e1sn\u00e9 zdoben\u00ed, na kter\u00e9 se j\u00e1 nezm\u016f\u017eu a p\u0159enech\u00e1v\u00e1m ho proto tomu \u0161ikovn\u011bj\u0161\u00edmu z n\u00e1s. <\/span><\/p>\n<p><span style=\"font-weight: 400;\">Do pern\u00ed\u010dk\u016f pat\u0159\u00ed ko\u0159en\u00ed, nezapom\u00ednejme na ko\u0159en\u00ed ani v \u017eivot\u011b. V\u016fn\u011b z pern\u00ed\u010dk\u016f prostoup\u00ed cel\u00fd d\u016fm. Nelze ji polapit ani uzav\u0159\u00edt. Stejn\u011b je to s Duchem, vane si kam chce.<\/span><\/p>\n<p><span style=\"font-weight: 400;\">K\u00e9\u017e k v\u00e1m v adventu zasvitne sv\u011btlo a k\u00e9\u017e k v\u00e1m zavane Duch. K\u00e9\u017e m\u00e1te s k\u00fdm okusit pern\u00ed\u010dky.<\/span><\/p>\n<p><img loading=\"lazy\" decoding=\"async\" class=\"alignnone wp-image-835 size-large\" src=\"http:\/\/www.cozynotes.cz\/wp-content\/uploads\/2017\/12\/DSC04843bw-1024x683.jpg\" alt=\"\" width=\"525\" height=\"350\" srcset=\"https:\/\/www.cozynotes.cz\/wp-content\/uploads\/2017\/12\/DSC04843bw-1024x683.jpg 1024w, https:\/\/www.cozynotes.cz\/wp-content\/uploads\/2017\/12\/DSC04843bw-300x200.jpg 300w, https:\/\/www.cozynotes.cz\/wp-content\/uploads\/2017\/12\/DSC04843bw-768x512.jpg 768w\" sizes=\"(max-width: 525px) 100vw, 525px\" \/><\/p>\n<p><strong>Den 7 | Brambo\u0159\u00edk<\/strong><\/p>\n<p><span style=\"font-weight: 400;\">Napadl sn\u00edh. Je t\u0159eba myslet na ty mali\u010dk\u00e9 venku. Tak jsem si \u0159ekl, \u017ee dnes mus\u00edm vyfotit pta\u010d\u00ed krm\u00edtko, kter\u00e9 m\u00e1me v pr\u00e1ci na zahrad\u011b. Tahle p\u0159edsevzet\u00ed, kter\u00e1 se rod\u00ed je\u0161t\u011b ve vyh\u0159\u00e1t\u00e9 posteli&#8230; Pochopiteln\u011b je cel\u00fd den naprosto nefotografick\u00e9 po\u010das\u00ed. Sn\u00edh st\u0159\u00edd\u00e1 d\u00e9\u0161\u0165 nebo drobn\u00e9 krupky. Krm\u00edtko je moc tmav\u00e9, pt\u00e1\u010dky stejn\u011b nem\u00e1m \u0161anci zachytit. Potk\u00e1m tak ob\u0159\u00ed hejno vran v poli za P\u0159esekou. Ne\u017e zastav\u00edm a vyt\u00e1hnu fo\u0165\u00e1k, zvednou se, zakrou\u017e\u00ed a r\u00e1zem jsou \u010dern\u00fdmi te\u010dkami v tmav\u00e9 oranici. A kdy\u017e vyjdu odpoledne p\u0159ed d\u016fm, je stejn\u011b tma. Nene, dnes to bude n\u011bco v interi\u00e9ru. Budu cvi\u010dit ost\u0159en\u00ed.<\/span><\/p>\n<p><span style=\"font-weight: 400;\">Brambo\u0159\u00edk. Koupil jsem si ho u\u017e p\u0159ed l\u00e9ty. Nechal jsem se zl\u00e1kat n\u00e1dhern\u00fdmi kv\u011bty. Brambo\u0159\u00edk odkvetl a zbyla jen cibule s chocholem list\u016f. P\u0159es l\u00e9to jsem jej str\u010dil na zahradu. Na podzim na chodbu. Cibule a list\u00ed. Nen\u00ed to \u017e\u00e1dn\u00fd v\u00fdstavn\u00ed kousek. A ejhle, s nadch\u00e1zej\u00edc\u00edm adventem se objevila n\u00e1sada kv\u011bt\u016f. N\u00e1dhera. Takhle se to opakuje ka\u017ed\u00fd rok. Po kv\u011btech se objev\u00ed plody. Jednou jsem je jen tak z legrace a zv\u011bdavosti rozloupnul a sem\u00ednka zahrnul do hl\u00edny. K Mikul\u00e1\u0161i jsem pak rozd\u00e1val mal\u00e9 kvetouc\u00ed poklady. <\/span><\/p>\n<p><span style=\"font-weight: 400;\">O prvn\u00ed adventn\u00ed ned\u011bli se vyrojily p\u0159\u00edsp\u011bvky pln\u00e9 sv\u00edcn\u016f, pern\u00ed\u010dk\u016f dokonce i strome\u010dk\u016f. N\u011bkde u\u017e vyhr\u00e1vaj\u00ed koledy. A k tomu hl\u00e1\u0161ky: \u201cJsme p\u0159ipraveni na V\u00e1noce!\u201d Pt\u00e1m se s\u00e1m sebe, co to znamen\u00e1? <\/span><\/p>\n<p><span style=\"font-weight: 400;\">Brambo\u0159\u00edk je st\u00e1le na okn\u011b na chodb\u011b. Kdo u n\u00e1s byl, v\u00ed, \u017ee chodba je neopraven\u00e1, chladn\u00e1, m\u00edsty se olupuje star\u00fd n\u00e1t\u011br na strop\u011b. V koutech bydl\u00ed pavouci. Ale na okn\u011b, v oby\u010dejn\u00e9m plastov\u00e9m kv\u011btin\u00e1\u010dku rozkv\u00e9t\u00e1 brambo\u0159\u00edk. Cibule a chochol list\u016f.<\/span><\/p>\n<p><img loading=\"lazy\" decoding=\"async\" class=\"alignnone wp-image-836 size-large\" src=\"http:\/\/www.cozynotes.cz\/wp-content\/uploads\/2017\/12\/DSC04893bw-1024x683.jpg\" alt=\"\" width=\"525\" height=\"350\" srcset=\"https:\/\/www.cozynotes.cz\/wp-content\/uploads\/2017\/12\/DSC04893bw-1024x683.jpg 1024w, https:\/\/www.cozynotes.cz\/wp-content\/uploads\/2017\/12\/DSC04893bw-300x200.jpg 300w, https:\/\/www.cozynotes.cz\/wp-content\/uploads\/2017\/12\/DSC04893bw-768x512.jpg 768w\" sizes=\"(max-width: 525px) 100vw, 525px\" \/><\/p>\n","protected":false},"excerpt":{"rendered":"<p>U\u017e n\u011bjakou dobu jsem na profilech sv\u00fdch p\u0159\u00e1tel na Facebooku pozoroval \u010dernob\u00edl\u00e9 fotografie. Objevilo se to jako n\u011bjak\u00e1 \u0159et\u011bzov\u00e1 hra. Trvalo to n\u011bjak\u00fd \u010das a pak to p\u0159i\u0161lo ze zcela ne\u010dekan\u00e9 strany. \u201cSedm dn\u00ed, sedm \u010dernob\u00edl\u00fdch fotografi\u00ed va\u0161eho \u017eivota. \u017d\u00e1dn\u00ed lid\u00e9. \u017d\u00e1dn\u00e9 vysv\u011btlen\u00ed. Ja nedokazu nikoho nabadat, aby se pridal, ale na druho stranu.. jako &hellip; <\/p>\n<p class=\"link-more\"><a href=\"https:\/\/www.cozynotes.cz\/index.php\/2017\/12\/05\/pribeh-cernobilych-fotografii\/\" class=\"more-link\">Pokra\u010dovat ve \u010dten\u00ed<span class=\"screen-reader-text\"> &#8222;P\u0159\u00edb\u011bh \u010dernob\u00edl\u00fdch fotografi\u00ed&#8220;<\/span><\/a><\/p>\n","protected":false},"author":2,"featured_media":0,"comment_status":"open","ping_status":"open","sticky":false,"template":"","format":"standard","meta":{"footnotes":""},"categories":[50],"tags":[],"_links":{"self":[{"href":"https:\/\/www.cozynotes.cz\/index.php\/wp-json\/wp\/v2\/posts\/829"}],"collection":[{"href":"https:\/\/www.cozynotes.cz\/index.php\/wp-json\/wp\/v2\/posts"}],"about":[{"href":"https:\/\/www.cozynotes.cz\/index.php\/wp-json\/wp\/v2\/types\/post"}],"author":[{"embeddable":true,"href":"https:\/\/www.cozynotes.cz\/index.php\/wp-json\/wp\/v2\/users\/2"}],"replies":[{"embeddable":true,"href":"https:\/\/www.cozynotes.cz\/index.php\/wp-json\/wp\/v2\/comments?post=829"}],"version-history":[{"count":2,"href":"https:\/\/www.cozynotes.cz\/index.php\/wp-json\/wp\/v2\/posts\/829\/revisions"}],"predecessor-version":[{"id":838,"href":"https:\/\/www.cozynotes.cz\/index.php\/wp-json\/wp\/v2\/posts\/829\/revisions\/838"}],"wp:attachment":[{"href":"https:\/\/www.cozynotes.cz\/index.php\/wp-json\/wp\/v2\/media?parent=829"}],"wp:term":[{"taxonomy":"category","embeddable":true,"href":"https:\/\/www.cozynotes.cz\/index.php\/wp-json\/wp\/v2\/categories?post=829"},{"taxonomy":"post_tag","embeddable":true,"href":"https:\/\/www.cozynotes.cz\/index.php\/wp-json\/wp\/v2\/tags?post=829"}],"curies":[{"name":"wp","href":"https:\/\/api.w.org\/{rel}","templated":true}]}}