{"id":918,"date":"2018-02-03T14:40:10","date_gmt":"2018-02-03T13:40:10","guid":{"rendered":"http:\/\/www.cozynotes.cz\/?p=918"},"modified":"2018-02-03T14:43:37","modified_gmt":"2018-02-03T13:43:37","slug":"chci-mit-stuhy-v-barvach","status":"publish","type":"post","link":"https:\/\/www.cozynotes.cz\/index.php\/2018\/02\/03\/chci-mit-stuhy-v-barvach\/","title":{"rendered":"Chci m\u00edt stuhy v barv\u00e1ch&#8230;"},"content":{"rendered":"<p><span style=\"font-weight: 400;\">Vlastn\u011b neum\u00edm vyu\u017e\u00edvat facebook. M\u00edsto abych vytroubil Pot\u0159ebuju b\u00edl\u00e9 prost\u011bradlo!, kouk\u00e1m po obchodech. <\/span><\/p>\n<p><span style=\"font-weight: 400;\">Tak se mi stalo, \u017ee jsem cestou k z\u00e1kazn\u00edkovi zastavil v Da\u010dic\u00edch na n\u00e1m\u011bst\u00ed u galanterie. Pot\u0159ebuju je\u0161t\u011b n\u011bjak\u00e9 ty metry barevn\u00fdch stuh a krajku. <\/span><!--more--><\/p>\n<p><span style=\"font-weight: 400;\">Chci m\u00edt stuhy v barv\u00e1ch leto\u0161n\u00edho l\u00e9ta\u2026, zp\u00edv\u00e1 sle\u010dna Molloyov\u00e1. J\u00e1 je chci m\u00edt v barv\u00e1ch klobouku. B\u00edl\u00e1, \u010derven\u00e1 a \u017elut\u00e1. A kdy\u017e u\u017e jsem tu, tak: Nem\u00e1te n\u00e1hodou b\u00edlou nebo kr\u00e9movou l\u00e1tku, tak 2 metry d\u00fdlku a aspo\u0148 40 centimetr\u016f \u0161\u00ed\u0159ku? V\u00edte, pot\u0159ebuju na ma\u0161karu takovej b\u00edlej l\u00edmec.\u201d<\/span><\/p>\n<p><span style=\"font-weight: 400;\">Kdy\u017e odhal\u00edte skute\u010dnou motivaci, lidi najednou roztajou. <\/span><\/p>\n<p><span style=\"font-weight: 400;\">Nev\u00edm, jestli jsem tu psal o tom, jak jsem asi tak p\u0159ed dv\u011bma lety sh\u00e1n\u011bl odlakova\u010d na nehty. <\/span><\/p>\n<p><span style=\"font-weight: 400;\">Ve\u010der jsme u soused\u016f trochu blbli. Nechal jsem si \u010derven\u011b nalakovat nehty a druh\u00fd den jsem zjistil, \u017ee sousedka nen\u00ed doma a my jaksi odlakova\u010d nem\u00e1me. S rukama schovan\u00fdma v kaps\u00e1ch jsem se vypravil do drogerie. Le\u010d odlakova\u010d ne a ne naj\u00edt. To\u017e jsem se zeptal pan\u00ed u kosmetiky, kdepak tuhle v\u011bc najdu. I za\u010dali jsme hledat spole\u010dn\u011b. <\/span><\/p>\n<p><span style=\"font-weight: 400;\">\u201cA co pou\u017e\u00edv\u00e1 p\u0159\u00edtelkyn\u011b za lak?\u201d zept\u00e1 se pan\u00ed. <\/span><\/p>\n<p><span style=\"font-weight: 400;\">Ach jo, mus\u00edm s t\u00edm ven. \u201dNe ona, j\u00e1!\u201d uk\u00e1\u017eu j\u00ed svou kr\u00e1snou rudou ruku. Zasm\u00e1li jsme se a nakonec jsme je\u0161t\u011b s pomoc\u00ed prodava\u010dky v\u0161echno zvl\u00e1dli a j\u00e1 si pak na fakult\u011b na z\u00e1chod\u011b p\u0159ed p\u0159edn\u00e1\u0161kou potaj\u00ed odstra\u0148oval stigmata vesel\u00e9ho ve\u010dera.<\/span><\/p>\n<p><img loading=\"lazy\" decoding=\"async\" class=\"wp-image-919 size-large aligncenter\" src=\"http:\/\/www.cozynotes.cz\/wp-content\/uploads\/2018\/02\/DSC05562-1024x683.jpg\" alt=\"\" width=\"525\" height=\"350\" srcset=\"https:\/\/www.cozynotes.cz\/wp-content\/uploads\/2018\/02\/DSC05562-1024x683.jpg 1024w, https:\/\/www.cozynotes.cz\/wp-content\/uploads\/2018\/02\/DSC05562-300x200.jpg 300w, https:\/\/www.cozynotes.cz\/wp-content\/uploads\/2018\/02\/DSC05562-768x512.jpg 768w\" sizes=\"(max-width: 525px) 100vw, 525px\" \/><\/p>\n<p><span style=\"font-weight: 400;\">Ale zp\u00e1tky do galanterie. <\/span><\/p>\n<p><span style=\"font-weight: 400;\">\u201cJo na\u00a0ma\u0161karu! Tak to by v\u00e1m sta\u010dilo prost\u011bradlo, ne?\u201d<\/span><\/p>\n<p><span style=\"font-weight: 400;\">\u201cSta\u010dilo, ale doma m\u00e1m jen ty nap\u00ednac\u00ed, to je nepou\u017eiteln\u00e9.\u201d<\/span><\/p>\n<p><span style=\"font-weight: 400;\">\u201cPo\u010dkejte! My tu vlastn\u011b\u2026,\u201d otev\u0159e \u0161upl\u00edk, \u201cjedno m\u00e1me.\u201d Vyt\u00e1hne \u00fahledn\u011b slo\u017een\u00e9 prost\u011bradlo. \u201cPou\u017e\u00edv\u00e1me ho do v\u00fdlohy, ale j\u00e1 v\u00e1m ho klidn\u011b nech\u00e1m, jestli chcete. Nen\u00ed teda \u00fapln\u011b nov\u00fd, ale na ten kost\u00fdm by v\u00e1m to mo\u017en\u00e1 sta\u010dilo.\u201d<\/span><\/p>\n<p><span style=\"font-weight: 400;\"><img loading=\"lazy\" decoding=\"async\" class=\"wp-image-920 size-large aligncenter\" src=\"http:\/\/www.cozynotes.cz\/wp-content\/uploads\/2018\/02\/DSC05565-1024x683.jpg\" alt=\"\" width=\"525\" height=\"350\" srcset=\"https:\/\/www.cozynotes.cz\/wp-content\/uploads\/2018\/02\/DSC05565-1024x683.jpg 1024w, https:\/\/www.cozynotes.cz\/wp-content\/uploads\/2018\/02\/DSC05565-300x200.jpg 300w, https:\/\/www.cozynotes.cz\/wp-content\/uploads\/2018\/02\/DSC05565-768x512.jpg 768w\" sizes=\"(max-width: 525px) 100vw, 525px\" \/><\/span><\/p>\n<p><span style=\"font-weight: 400;\">Pak je\u0161t\u011b spole\u010dn\u011b vybereme krajku a popov\u00edd\u00e1me si o skl\u00e1d\u00e1n\u00ed r\u016f\u017ei\u010dek a dran\u00ed pe\u0159\u00ed a v\u016fbec t\u011bch \u010dinnostech na vsi v \u00a0zim\u011b. P\u0159id\u00e1 se k n\u00e1m pan\u00ed, co \u0161la koupit n\u016f\u017eky. Vzpom\u00edn\u00e1, jak se dralo pe\u0159\u00ed a vypr\u00e1v\u011blo. <\/span><\/p>\n<p><span style=\"font-weight: 400;\">\u0160ed\u00fd de\u0161tiv\u00fd den hned dostane jin\u00e9 barvy. Barvy l\u00e9ta. Poj\u010f mezi lidi, nesm\u00ed\u0161 se jich b\u00e1t!<\/span><br \/>\n<img loading=\"lazy\" decoding=\"async\" class=\"wp-image-921 size-large aligncenter\" src=\"http:\/\/www.cozynotes.cz\/wp-content\/uploads\/2018\/02\/DSC05568-1024x683.jpg\" alt=\"\" width=\"525\" height=\"350\" srcset=\"https:\/\/www.cozynotes.cz\/wp-content\/uploads\/2018\/02\/DSC05568-1024x683.jpg 1024w, https:\/\/www.cozynotes.cz\/wp-content\/uploads\/2018\/02\/DSC05568-300x200.jpg 300w, https:\/\/www.cozynotes.cz\/wp-content\/uploads\/2018\/02\/DSC05568-768x512.jpg 768w\" sizes=\"(max-width: 525px) 100vw, 525px\" \/><\/p>\n<p>&nbsp;<\/p>\n","protected":false},"excerpt":{"rendered":"<p>Vlastn\u011b neum\u00edm vyu\u017e\u00edvat facebook. M\u00edsto abych vytroubil Pot\u0159ebuju b\u00edl\u00e9 prost\u011bradlo!, kouk\u00e1m po obchodech. Tak se mi stalo, \u017ee jsem cestou k z\u00e1kazn\u00edkovi zastavil v Da\u010dic\u00edch na n\u00e1m\u011bst\u00ed u galanterie. Pot\u0159ebuju je\u0161t\u011b n\u011bjak\u00e9 ty metry barevn\u00fdch stuh a krajku.<\/p>\n","protected":false},"author":2,"featured_media":0,"comment_status":"open","ping_status":"open","sticky":false,"template":"","format":"standard","meta":{"footnotes":""},"categories":[50],"tags":[],"_links":{"self":[{"href":"https:\/\/www.cozynotes.cz\/index.php\/wp-json\/wp\/v2\/posts\/918"}],"collection":[{"href":"https:\/\/www.cozynotes.cz\/index.php\/wp-json\/wp\/v2\/posts"}],"about":[{"href":"https:\/\/www.cozynotes.cz\/index.php\/wp-json\/wp\/v2\/types\/post"}],"author":[{"embeddable":true,"href":"https:\/\/www.cozynotes.cz\/index.php\/wp-json\/wp\/v2\/users\/2"}],"replies":[{"embeddable":true,"href":"https:\/\/www.cozynotes.cz\/index.php\/wp-json\/wp\/v2\/comments?post=918"}],"version-history":[{"count":6,"href":"https:\/\/www.cozynotes.cz\/index.php\/wp-json\/wp\/v2\/posts\/918\/revisions"}],"predecessor-version":[{"id":927,"href":"https:\/\/www.cozynotes.cz\/index.php\/wp-json\/wp\/v2\/posts\/918\/revisions\/927"}],"wp:attachment":[{"href":"https:\/\/www.cozynotes.cz\/index.php\/wp-json\/wp\/v2\/media?parent=918"}],"wp:term":[{"taxonomy":"category","embeddable":true,"href":"https:\/\/www.cozynotes.cz\/index.php\/wp-json\/wp\/v2\/categories?post=918"},{"taxonomy":"post_tag","embeddable":true,"href":"https:\/\/www.cozynotes.cz\/index.php\/wp-json\/wp\/v2\/tags?post=918"}],"curies":[{"name":"wp","href":"https:\/\/api.w.org\/{rel}","templated":true}]}}