{"id":928,"date":"2018-02-07T17:49:07","date_gmt":"2018-02-07T16:49:07","guid":{"rendered":"http:\/\/www.cozynotes.cz\/?p=928"},"modified":"2018-02-07T17:49:07","modified_gmt":"2018-02-07T16:49:07","slug":"terezin-lety","status":"publish","type":"post","link":"https:\/\/www.cozynotes.cz\/index.php\/2018\/02\/07\/terezin-lety\/","title":{"rendered":"Terez\u00edn &#8211; Lety"},"content":{"rendered":"<p><span style=\"font-weight: 400;\">V\u0161echno jde, kdy\u017e se chce,<\/span><span style=\"font-weight: 400;\"><br \/>\n<\/span><span style=\"font-weight: 400;\">za ruce se vezmeme,<\/span><span style=\"font-weight: 400;\"><br \/>\n<\/span><span style=\"font-weight: 400;\">navzdor krut\u00e9 dob\u011b<\/span><span style=\"font-weight: 400;\"><br \/>\n<\/span><span style=\"font-weight: 400;\">humor v srdci m\u00e1me,<\/span><span style=\"font-weight: 400;\"><br \/>\n<\/span><span style=\"font-weight: 400;\"><br \/>\n<\/span><span style=\"font-weight: 400;\">den co den st\u00e1le jdem,<\/span><span style=\"font-weight: 400;\"><br \/>\n<\/span><span style=\"font-weight: 400;\">sem a tam se st\u011bhujem,<\/span><span style=\"font-weight: 400;\"><br \/>\n<\/span><span style=\"font-weight: 400;\">a jen ve t\u0159iceti slovech<\/span><span style=\"font-weight: 400;\"><br \/>\n<\/span><span style=\"font-weight: 400;\">sm\u00edme ps\u00e1t.<\/span><span style=\"font-weight: 400;\"><br \/>\n<\/span><span style=\"font-weight: 400;\"><br \/>\n<\/span><span style=\"font-weight: 400;\">Hola z\u00edtra \u017eivot za\u010d\u00edn\u00e1<\/span><span style=\"font-weight: 400;\"><br \/>\n<\/span><span style=\"font-weight: 400;\">a s n\u00edm se bl\u00ed\u017e\u00ed \u010das,<\/span><span style=\"font-weight: 400;\"><br \/>\n<\/span><span style=\"font-weight: 400;\">kdy si sbal\u00edme sv\u016fj rane\u010dek<\/span><span style=\"font-weight: 400;\"><br \/>\n<\/span><span style=\"font-weight: 400;\">a p\u016fjdem dom\u016f zas.<\/span><span style=\"font-weight: 400;\"><br \/>\n<\/span><span style=\"font-weight: 400;\"><br \/>\n<\/span><span style=\"font-weight: 400;\">V\u0161echno jde, kdy\u017e se chce,<\/span><span style=\"font-weight: 400;\"><br \/>\n<\/span><span style=\"font-weight: 400;\">za ruce se vezmeme,<\/span><span style=\"font-weight: 400;\"><br \/>\n<\/span><span style=\"font-weight: 400;\">a na trosk\u00e1ch ghetta<\/span><span style=\"font-weight: 400;\"><br \/>\n<\/span><span style=\"font-weight: 400;\">budeme se sm\u00e1t.<\/span><!--more--><\/p>\n<p><span style=\"font-weight: 400;\">Slova p\u00edsn\u011b V\u0161echno jde! (tzv. Terez\u00ednsk\u00e9ho mar\u0161e) Karla \u0160venka.<\/span><\/p>\n<p>&nbsp;<\/p>\n<p><span style=\"font-weight: 400;\">A\u010d se to zd\u00e1 neuv\u011b\u0159iteln\u00e9, tahle p\u00edse\u0148 vznikla v Terez\u00edn\u011b v roce 1942. A nebyla jedin\u00e1. <\/span><\/p>\n<p><span style=\"font-weight: 400;\">Pavel Haas, Hans Kr\u00e1sa, Adolf Strauss, Ilse Weber nebo Viktor Ullmann. Ti v\u0161ichni komponovali navzdory v\u00e1lce, navzdory prob\u00edhaj\u00edc\u00edmu holokaustu! <\/span><\/p>\n<p><span style=\"font-weight: 400;\">Pro\u0161li Terez\u00ednsk\u00fdm ghettem a v\u00e1le\u010dn\u00e9 proti\u017eidovsk\u00e9 b\u011bsn\u011bn\u00ed je poz\u0159elo.<\/span><\/p>\n<p>&nbsp;<\/p>\n<p><span style=\"font-weight: 400;\">Ne v\u0161echny p\u00edsn\u011b byly tak optimistick\u00e9. T\u0159eba p\u00edse\u0148 od v\u00edtkovick\u00e9 roda\u010dky Ilse Weber s n\u00e1zvem Sbohem, kamar\u00e1de! kon\u010d\u00ed transportem. Stejn\u011b jako \u017eivotn\u00ed pou\u0165 autorky. Zem\u0159ela v Osv\u011btimi v \u0159\u00edjnu roku 1944<\/span><\/p>\n<p><span style=\"font-weight: 400;\">Ade, Kamerad,<\/span><span style=\"font-weight: 400;\"><br \/>\n<\/span><span style=\"font-weight: 400;\">hier teilt sich der Pfad,<\/span><span style=\"font-weight: 400;\"><br \/>\n<\/span><span style=\"font-weight: 400;\">denn morgen muss ich fort.<\/span><span style=\"font-weight: 400;\"><br \/>\n<\/span><span style=\"font-weight: 400;\">Ich scheide von dir,<\/span><span style=\"font-weight: 400;\"><br \/>\n<\/span><span style=\"font-weight: 400;\">man treibt mich von hier,<\/span><span style=\"font-weight: 400;\"><br \/>\n<\/span><span style=\"font-weight: 400;\">ich geh mit dem Polentransport.<\/span><\/p>\n<p>&nbsp;<\/p>\n<p>Podobn\u011b kon\u010dily transporty z t\u00e1bora v Letech. 420 v\u011bz\u0148\u016f ze zdej\u0161\u00edho t\u00e1bora skon\u010dilo v Osv\u011btimi. P\u0159ed t\u00edm zde 30 mu\u017e\u016f, 48 \u017een, 3 chlapci, 4 d\u00edvky a 241 d\u011bt\u00ed mlad\u0161\u00edch 14 let zem\u0159elo na epidemii skvrnit\u00e9ho tyfu, co\u017e byl n\u00e1sledek hrozn\u00fdch podm\u00ednek v t\u00e1bo\u0159e.<\/p>\n<p><span style=\"font-weight: 400;\">(zdroj: webov\u00e9 str\u00e1nky Pietn\u00edho m\u00edsta Lety)<\/span><\/p>\n<p>&nbsp;<\/p>\n<p><span style=\"font-weight: 400;\">Dnes m\u00e1me v Parlamentu stranu, jej\u00ed\u017e p\u0159edstavitel\u00e9 zpochyb\u0148uj\u00ed smysl t\u00e1bora v Letech a zleh\u010duj\u00ed z\u00e1va\u017enost hr\u016fz zde p\u00e1chan\u00fdch. Spekuluj\u00ed o tom, zda byl t\u00e1bor cel\u00fd obehnan\u00fd plotem a jak\u00fd onen plot byl. <\/span><\/p>\n<p><span style=\"font-weight: 400;\">I kdyby byly cel\u00e9 Lety os\u00e1zen\u00e9 r\u016f\u017eov\u00fdmi z\u00e1honky, nic to nezm\u011bn\u00ed na skute\u010dnosti, \u017ee tu um\u00edrali lid\u00e9 a \u017ee odsud byli lid\u00e9 transportov\u00e1ni do vyhlazovac\u00edch t\u00e1bor\u016f!<\/span><\/p>\n<p><span style=\"font-weight: 400;\">Pova\u017euji za skand\u00e1ln\u00ed, \u017ee politi\u010dt\u00ed p\u0159edstavitel\u00e9 mohou zleh\u010dovat v\u00e1le\u010dn\u00e9 hr\u016fzy, \u017ee t\u0159\u00edd\u00ed ob\u011bti podle etnick\u00e9 p\u0159\u00edslu\u0161nosti, \u017ee se odva\u017euj\u00ed kalkulovat cenu lidsk\u00e9ho \u017eivota podle \u010d\u00e1stky za vykoupen\u00ed prase\u010d\u00e1ku postaven\u00e9ho na m\u00edst\u011b t\u00e1bora v Letech. <\/span><\/p>\n<p><span style=\"font-weight: 400;\">Ti sam\u00ed politici volaj\u00ed po siln\u00e9m a sebev\u011bdom\u00e9m n\u00e1rod\u011b. <\/span><\/p>\n<p><span style=\"font-weight: 400;\">Siln\u00fd a sebev\u011bdom\u00fd st\u00e1t se v\u0161ak pozn\u00e1 podle toho, zda se jeho ob\u010dan\u00e9 dok\u00e1zali vyrovnat s ne\u010dernob\u00edlou minulost\u00ed, zda dok\u00e1zali p\u0159ijmout sv\u016fj d\u00edl odpov\u011bdnosti, zda jsou schopni se omluvit za sp\u00e1chan\u00e9 zlo. Jedin\u011b na sm\u00ed\u0159en\u00ed lze stav\u011bt.<\/span><\/p>\n<p><span style=\"font-weight: 400;\">Zpochyb\u0148ov\u00e1n\u00ed a zleh\u010dov\u00e1n\u00ed tragick\u00fdch ud\u00e1lost\u00ed v\u00e1lky, v \u00a0jejich\u017e pozad\u00ed st\u00e1l rasismus a xenofobie, je zn\u00e1mkou nedosp\u011blosti a nevyzr\u00e1losti a v civilizovan\u00fdch zem\u00edch je neakceptovateln\u00e9. <\/span><\/p>\n<p><span style=\"font-weight: 400;\">Je pro mne naprosto nemysliteln\u00e9, aby politik zast\u00e1vaj\u00edc\u00ed takov\u00e9 n\u00e1zory byl m\u00edstop\u0159edsedou poslaneck\u00e9 sn\u011bmovny. Andrej Babi\u0161, kter\u00fd s\u00e1m v minulosti zpochyb\u0148oval z\u00e1va\u017enost t\u00e1bora v Letech, v\u0161ak svou sou\u010dasnou podporou Tomia Okamury nem\u00edstn\u011b handluje s ob\u011b\u0165mi holokaustu a ukazuje, \u017ee k dosp\u011blosti jemu i mnoh\u00fdm z n\u00e1s je\u0161t\u011b mnoho chyb\u00ed a \u017ee kritick\u00e9ho p\u0159\u00edstupu k vlastn\u00edm d\u011bjin\u00e1m se ani v 21. stolet\u00ed n\u00e1m \u010cech\u016fm nedost\u00e1v\u00e1.<\/span><\/p>\n<p><span style=\"font-weight: 400;\">Poslouch\u00e1m album Theresienstadt &#8211; vydan\u00e9 u Deutsche Grammophon roku 2007 &#8211; v\u011bnovan\u00e9 odkazu um\u011blc\u016f, kte\u0159\u00ed zahynuli ve v\u00e1le\u010dn\u00e9 ma\u0161in\u00e9rii. <\/span><\/p>\n<p><span style=\"font-weight: 400;\">Obdivuji jejich s\u00edlu navzdory temnot\u011b a styd\u00edm se&#8230;<\/span><\/p>\n","protected":false},"excerpt":{"rendered":"<p>V\u0161echno jde, kdy\u017e se chce, za ruce se vezmeme, navzdor krut\u00e9 dob\u011b humor v srdci m\u00e1me, den co den st\u00e1le jdem, sem a tam se st\u011bhujem, a jen ve t\u0159iceti slovech sm\u00edme ps\u00e1t. Hola z\u00edtra \u017eivot za\u010d\u00edn\u00e1 a s n\u00edm se bl\u00ed\u017e\u00ed \u010das, kdy si sbal\u00edme sv\u016fj rane\u010dek a p\u016fjdem dom\u016f zas. V\u0161echno jde, kdy\u017e &hellip; <\/p>\n<p class=\"link-more\"><a href=\"https:\/\/www.cozynotes.cz\/index.php\/2018\/02\/07\/terezin-lety\/\" class=\"more-link\">Pokra\u010dovat ve \u010dten\u00ed<span class=\"screen-reader-text\"> &#8222;Terez\u00edn &#8211; Lety&#8220;<\/span><\/a><\/p>\n","protected":false},"author":2,"featured_media":0,"comment_status":"open","ping_status":"open","sticky":false,"template":"","format":"standard","meta":{"footnotes":""},"categories":[50],"tags":[],"_links":{"self":[{"href":"https:\/\/www.cozynotes.cz\/index.php\/wp-json\/wp\/v2\/posts\/928"}],"collection":[{"href":"https:\/\/www.cozynotes.cz\/index.php\/wp-json\/wp\/v2\/posts"}],"about":[{"href":"https:\/\/www.cozynotes.cz\/index.php\/wp-json\/wp\/v2\/types\/post"}],"author":[{"embeddable":true,"href":"https:\/\/www.cozynotes.cz\/index.php\/wp-json\/wp\/v2\/users\/2"}],"replies":[{"embeddable":true,"href":"https:\/\/www.cozynotes.cz\/index.php\/wp-json\/wp\/v2\/comments?post=928"}],"version-history":[{"count":1,"href":"https:\/\/www.cozynotes.cz\/index.php\/wp-json\/wp\/v2\/posts\/928\/revisions"}],"predecessor-version":[{"id":929,"href":"https:\/\/www.cozynotes.cz\/index.php\/wp-json\/wp\/v2\/posts\/928\/revisions\/929"}],"wp:attachment":[{"href":"https:\/\/www.cozynotes.cz\/index.php\/wp-json\/wp\/v2\/media?parent=928"}],"wp:term":[{"taxonomy":"category","embeddable":true,"href":"https:\/\/www.cozynotes.cz\/index.php\/wp-json\/wp\/v2\/categories?post=928"},{"taxonomy":"post_tag","embeddable":true,"href":"https:\/\/www.cozynotes.cz\/index.php\/wp-json\/wp\/v2\/tags?post=928"}],"curies":[{"name":"wp","href":"https:\/\/api.w.org\/{rel}","templated":true}]}}